{"id":127543,"date":"2023-09-25T10:24:36","date_gmt":"2023-09-25T13:24:36","guid":{"rendered":"https:\/\/vinasfm.com\/noticias\/?p=127543"},"modified":"2023-09-26T09:04:41","modified_gmt":"2023-09-26T12:04:41","slug":"elecciones-en-mendoza-resultado-provisorios-concejales-de-general-alvear","status":"publish","type":"post","link":"https:\/\/vinasfm.com\/noticias\/elecciones-en-mendoza-resultado-provisorios-concejales-de-general-alvear\/","title":{"rendered":"ELECCIONES EN MENDOZA: RESULTADOS PROVISORIOS CONCEJALES DE GENERAL ALVEAR"},"content":{"rendered":"<p><strong>Al igual que en gran parte de la provincia, Cambia Mendoza triunf\u00f3 en General Alvear.<\/strong><\/p>\n<p>Tras obtener 8549 votos <strong>(33,91%)<\/strong>, el <span style=\"color: #800080;\"><strong>oficialismo<\/strong><\/span> se marc\u00f3 como el gran ganador. En segundo lugar qued\u00f3 <strong><span style=\"color: #ff0000;\">La Uni\u00f3n Mendocina<\/span><\/strong> con 6831 votos <strong>(27,10%)<\/strong>, seguido del <strong><span style=\"color: #00ccff;\">Frente Eleg\u00ed<\/span> <\/strong>que obtuvo 2921\u00a0 votos <strong>(11,59%).<\/strong><\/p>\n<p>De acuerdo a estos resultados, ingresar\u00e1n al Honorable Concejo Deliberante:<\/p>\n<ul>\n<li>Cambia Mendoza: 2 bancas; <strong>Carlos Zalaz\u00e1r y Gisella Bello<\/strong><\/li>\n<li>La Uni\u00f3n Mendocina: 2 bancas; <strong>N\u00e9stor Ortega y Mirtha Mart\u00ednez<\/strong><\/li>\n<li>Frente Eleg\u00ed: 1 banca; <strong>Florencia Escart\u00edn<\/strong><\/li>\n<\/ul>\n<h2>\u00bfQui\u00e9nes se van, qui\u00e9nes se quedan y qui\u00e9nes contin\u00faan?<\/h2>\n<p>Luego de que asuman los concejales electos, 5 ediles abandonar\u00e1n el HCD.<\/p>\n<ul>\n<li>Se van: <strong>Patricia Salice, Jos\u00e9 Mor\u00e1n y Mabel Ucelli<\/strong> por CM. Por el FT, <strong>Ariel Andres y Hebe Katzer.<\/strong><\/li>\n<li>Se quedan<strong>: Hern\u00e1n Climent, Adri\u00e1n Caltabiano y Alejandra Torti<\/strong> (UCR), <strong>Silvina Melzi<\/strong>\u00a0(PJ) y<strong> Raquel Yunes<\/strong> (Encuentro).<\/li>\n<\/ul>\n<p>Cambia Mendoza perder\u00e1 una banca al igual que el PJ. En cambio, La uni\u00f3n Mendocina gan\u00f3 dos bancas en el Cuerpo.<\/p>\n","protected":false},"excerpt":{"rendered":"<p>Al igual que en gran parte de la provincia, Cambia Mendoza triunf\u00f3 en General Alvear. Tras obtener 8549 votos (33,91%), el &#8230;<\/p>\n","protected":false},"author":7,"featured_media":34804,"comment_status":"open","ping_status":"open","sticky":false,"template":"","format":"standard","meta":{"footnotes":""},"categories":[5,7],"tags":[],"class_list":["post-127543","post","type-post","status-publish","format-standard","has-post-thumbnail","hentry","category-actualidad","category-politica"],"_links":{"self":[{"href":"https:\/\/vinasfm.com\/noticias\/wp-json\/wp\/v2\/posts\/127543","targetHints":{"allow":["GET"]}}],"collection":[{"href":"https:\/\/vinasfm.com\/noticias\/wp-json\/wp\/v2\/posts"}],"about":[{"href":"https:\/\/vinasfm.com\/noticias\/wp-json\/wp\/v2\/types\/post"}],"author":[{"embeddable":true,"href":"https:\/\/vinasfm.com\/noticias\/wp-json\/wp\/v2\/users\/7"}],"replies":[{"embeddable":true,"href":"https:\/\/vinasfm.com\/noticias\/wp-json\/wp\/v2\/comments?post=127543"}],"version-history":[{"count":6,"href":"https:\/\/vinasfm.com\/noticias\/wp-json\/wp\/v2\/posts\/127543\/revisions"}],"predecessor-version":[{"id":127564,"href":"https:\/\/vinasfm.com\/noticias\/wp-json\/wp\/v2\/posts\/127543\/revisions\/127564"}],"wp:featuredmedia":[{"embeddable":true,"href":"https:\/\/vinasfm.com\/noticias\/wp-json\/wp\/v2\/media\/34804"}],"wp:attachment":[{"href":"https:\/\/vinasfm.com\/noticias\/wp-json\/wp\/v2\/media?parent=127543"}],"wp:term":[{"taxonomy":"category","embeddable":true,"href":"https:\/\/vinasfm.com\/noticias\/wp-json\/wp\/v2\/categories?post=127543"},{"taxonomy":"post_tag","embeddable":true,"href":"https:\/\/vinasfm.com\/noticias\/wp-json\/wp\/v2\/tags?post=127543"}],"curies":[{"name":"wp","href":"https:\/\/api.w.org\/{rel}","templated":true}]}}