{"id":127408,"date":"2023-09-21T20:19:26","date_gmt":"2023-09-21T23:19:26","guid":{"rendered":"https:\/\/vinasfm.com\/noticias\/?p=127408"},"modified":"2023-09-22T11:30:35","modified_gmt":"2023-09-22T14:30:35","slug":"continuan-las-tareas-correspondientes-al-plan-de-asfaltado-2023","status":"publish","type":"post","link":"https:\/\/vinasfm.com\/noticias\/continuan-las-tareas-correspondientes-al-plan-de-asfaltado-2023\/","title":{"rendered":"CONTIN\u00daAN LAS TAREAS CORRESPONDIENTES AL PLAN DE ASFALTADO 2023"},"content":{"rendered":"<p><strong>El Secretario de Obras y Servicios, Jorge P\u00e9rez y el Ingeniero \u00d3scar Bermejo de Infraestructura de la Provincia brindaron detalles de la actividad.<\/strong><\/p>\n<p>\u00ab<em><strong>Venimos con avance importante en lo que corresponde al asfaltado, en los \u00faltimos 12 d\u00edas se logr\u00f3 mantener un trabajo constante gracias a la empresa Black Shadow\u00bb,<\/strong><\/em> se\u00f1al\u00f3 P\u00e9rez. En los \u00faltimos d\u00edas se logr\u00f3 finalizar con el asfaltado en calle Lisandro de la Torre y se espera continuar con calle Corrientes y Pasaje Calafat, para finalizar con la primera etapa de la zona.<\/p>\n<p><em><strong>\u00abEste ritmo de obra es necesario, la gente est\u00e1 entendiendo el cambio que ha tenido la zona\u00bb<\/strong><\/em>, destac\u00f3 el Secretario.<\/p>\n<p>Por su parte, el Ingeniero \u00d3scar Bermejo, qui\u00e9n estuvo presente en el departamento haciendo un trabajo de relevamiento expres\u00f3:<em><strong> \u00abEste es un trabajo que hacemos desde hace a\u00f1os en los municipios. La calidad de obras en General Alvear es muy buena y refleja la gran inversi\u00f3n realizada\u00bb.<\/strong><\/em><\/p>\n","protected":false},"excerpt":{"rendered":"<p>El Secretario de Obras y Servicios, Jorge P\u00e9rez y el Ingeniero \u00d3scar Bermejo de Infraestructura de la Provincia brindaron detalles de &#8230;<\/p>\n","protected":false},"author":7,"featured_media":127409,"comment_status":"open","ping_status":"open","sticky":false,"template":"","format":"standard","meta":{"footnotes":""},"categories":[5,29],"tags":[],"class_list":["post-127408","post","type-post","status-publish","format-standard","has-post-thumbnail","hentry","category-actualidad","category-obras-y-servicios"],"_links":{"self":[{"href":"https:\/\/vinasfm.com\/noticias\/wp-json\/wp\/v2\/posts\/127408","targetHints":{"allow":["GET"]}}],"collection":[{"href":"https:\/\/vinasfm.com\/noticias\/wp-json\/wp\/v2\/posts"}],"about":[{"href":"https:\/\/vinasfm.com\/noticias\/wp-json\/wp\/v2\/types\/post"}],"author":[{"embeddable":true,"href":"https:\/\/vinasfm.com\/noticias\/wp-json\/wp\/v2\/users\/7"}],"replies":[{"embeddable":true,"href":"https:\/\/vinasfm.com\/noticias\/wp-json\/wp\/v2\/comments?post=127408"}],"version-history":[{"count":2,"href":"https:\/\/vinasfm.com\/noticias\/wp-json\/wp\/v2\/posts\/127408\/revisions"}],"predecessor-version":[{"id":127411,"href":"https:\/\/vinasfm.com\/noticias\/wp-json\/wp\/v2\/posts\/127408\/revisions\/127411"}],"wp:featuredmedia":[{"embeddable":true,"href":"https:\/\/vinasfm.com\/noticias\/wp-json\/wp\/v2\/media\/127409"}],"wp:attachment":[{"href":"https:\/\/vinasfm.com\/noticias\/wp-json\/wp\/v2\/media?parent=127408"}],"wp:term":[{"taxonomy":"category","embeddable":true,"href":"https:\/\/vinasfm.com\/noticias\/wp-json\/wp\/v2\/categories?post=127408"},{"taxonomy":"post_tag","embeddable":true,"href":"https:\/\/vinasfm.com\/noticias\/wp-json\/wp\/v2\/tags?post=127408"}],"curies":[{"name":"wp","href":"https:\/\/api.w.org\/{rel}","templated":true}]}}