{"id":127405,"date":"2023-09-21T19:39:43","date_gmt":"2023-09-21T22:39:43","guid":{"rendered":"https:\/\/vinasfm.com\/noticias\/?p=127405"},"modified":"2023-09-22T11:31:28","modified_gmt":"2023-09-22T14:31:28","slug":"ipv-mi-casa-las-fechas-de-los-sorteos-segun-el-emprendimiento-elegido","status":"publish","type":"post","link":"https:\/\/vinasfm.com\/noticias\/ipv-mi-casa-las-fechas-de-los-sorteos-segun-el-emprendimiento-elegido\/","title":{"rendered":"IPV MI CASA: LAS FECHAS DE LOS SORTEOS SEG\u00daN EL EMPRENDIMIENTO ELEGIDO"},"content":{"rendered":"<p><strong>Cada jornada iniciar\u00e1 a las 9 y podr\u00e1 ser vista por el Youtube del IPJyC.<\/strong><\/p>\n<p>El Instituto Provincial de la Vivienda dio a conocer este jueves las fechas de los sorteos, seg\u00fan el emprendimiento elegido por las m\u00e1s de 60 mil personas que se inscribieron al programa Mi Casa.<\/p>\n<p>Cada jornada iniciar\u00e1 a las 9 y podr\u00e1 ser vista por el Youtube del IPJyC. En tanto, el resultado final podr\u00e1 ser consultado en la p\u00e1gina web del IPV, a partir de las 13, del d\u00eda correspondiente a cada sorteo.<\/p>\n<h2>El orden de los sorteos<\/h2>\n<p>Mediante bolillero se design\u00f3 el orden en que ser\u00e1n sorteados los emprendimientos la semana pr\u00f3xima, dando por resultado lo siguiente:<\/p>\n<ul>\n<li><strong>Lunes 25 de septiembre:<\/strong> Cuyoil, Azcu\u00e9naga 3\u00ba etapa, Alto Luj\u00e1n Norte, Ant\u00e1rtida Argentina, Rio Diamante IV, Loteo Yabor, El Recodo \u2013 4\u00ba etapa, Parque Norte I, Viejo Tonel, Rio Diamante 3\u00ba etapa, San Gabriel, Villa Delfina 3\u00ba etapa, Azcu\u00e9naga 2\u00ba etapa, Las Vi\u00f1as I y El Prado III.<\/li>\n<\/ul>\n<ul>\n<li><strong>Para el martes 26 de septiembre est\u00e1 previsto el sorteo de los siguientes barrios:<\/strong> Alvear I-B, El Recodo III, Sunvalley III, Jer\u00f3nimo Ruiz II, Sunvalley I, Las Vi\u00f1as II, Ozamis A., Ozamis B, Jer\u00f3nimo Ruiz I, Paseo Di Fiore B, Loteo Malabia, Juan Vicente, San Telmo Sur, Terru\u00f1o \u2013 2\u00ba etapa y Alvear I-A.<\/li>\n<\/ul>\n<ul>\n<li><strong>En tanto que el mi\u00e9rcoles 27 se conocer\u00e1n los titulares y suplentes de los siguientes proyectos:<\/strong> Paseo Di Fiore A, General Alvear C, Orbelli II, Lares de la Pur\u00edsima, Casas del Pueblo IV, Ozamis C, Uspallata y Tijera, El Recodo 3\u00ba etapa, Brandsen, Los Filtros, Loteo Estrada, Terru\u00f1os B., Posta Norte, Ant\u00e1rtida Argentina \u2013 1\u00ba Etapa y H\u00e9roes de Malvinas.<\/li>\n<\/ul>\n<ul>\n<li><strong>Finalmente, el jueves 28 se realizar\u00e1 el \u00faltimo de los sorteos que incluye a los siguientes emprendimientos:<\/strong> Jardines de Civit, Roca II, Rio Diamante \u2013 5\u00ba etapa, Las Tacas, Montecaseros, El Prado 3\u00ba etapa, San Ignacio, Solares de Diamante, Juan Vanella, Terru\u00f1os A \u2013 3\u00ba etapa, Jer\u00f3nimo Ruiz, Loteo Venetto, Sunvalley II y Villa Delfina IV.<\/li>\n<\/ul>\n<p>&nbsp;<\/p>\n<p>En cada sorteo quedar\u00e1 determinado un titular y dos suplentes por cada unidad del proyecto teniendo en cuenta las diversas tipolog\u00edas en la que se inscribieron (1, 2 o 3 dormitorios o vivienda adaptada).<\/p>\n<p>Para ello se utilizar\u00e1 un programa desarrollado por el IPJyC que sortear\u00e1 de manera electr\u00f3nica los \u00faltimos 5 d\u00edgitos del n\u00famero de inscripci\u00f3n otorgado al momento de registrarse en el Programa pudiendo conocerse en pocos minutos la n\u00f3mina de beneficiados.<\/p>\n","protected":false},"excerpt":{"rendered":"<p>Cada jornada iniciar\u00e1 a las 9 y podr\u00e1 ser vista por el Youtube del IPJyC. El Instituto Provincial de la Vivienda &#8230;<\/p>\n","protected":false},"author":7,"featured_media":127406,"comment_status":"open","ping_status":"open","sticky":false,"template":"","format":"standard","meta":{"footnotes":""},"categories":[5,67],"tags":[],"class_list":["post-127405","post","type-post","status-publish","format-standard","has-post-thumbnail","hentry","category-actualidad","category-ipv"],"_links":{"self":[{"href":"https:\/\/vinasfm.com\/noticias\/wp-json\/wp\/v2\/posts\/127405","targetHints":{"allow":["GET"]}}],"collection":[{"href":"https:\/\/vinasfm.com\/noticias\/wp-json\/wp\/v2\/posts"}],"about":[{"href":"https:\/\/vinasfm.com\/noticias\/wp-json\/wp\/v2\/types\/post"}],"author":[{"embeddable":true,"href":"https:\/\/vinasfm.com\/noticias\/wp-json\/wp\/v2\/users\/7"}],"replies":[{"embeddable":true,"href":"https:\/\/vinasfm.com\/noticias\/wp-json\/wp\/v2\/comments?post=127405"}],"version-history":[{"count":1,"href":"https:\/\/vinasfm.com\/noticias\/wp-json\/wp\/v2\/posts\/127405\/revisions"}],"predecessor-version":[{"id":127407,"href":"https:\/\/vinasfm.com\/noticias\/wp-json\/wp\/v2\/posts\/127405\/revisions\/127407"}],"wp:featuredmedia":[{"embeddable":true,"href":"https:\/\/vinasfm.com\/noticias\/wp-json\/wp\/v2\/media\/127406"}],"wp:attachment":[{"href":"https:\/\/vinasfm.com\/noticias\/wp-json\/wp\/v2\/media?parent=127405"}],"wp:term":[{"taxonomy":"category","embeddable":true,"href":"https:\/\/vinasfm.com\/noticias\/wp-json\/wp\/v2\/categories?post=127405"},{"taxonomy":"post_tag","embeddable":true,"href":"https:\/\/vinasfm.com\/noticias\/wp-json\/wp\/v2\/tags?post=127405"}],"curies":[{"name":"wp","href":"https:\/\/api.w.org\/{rel}","templated":true}]}}