{"id":127393,"date":"2023-09-21T11:34:10","date_gmt":"2023-09-21T14:34:10","guid":{"rendered":"https:\/\/vinasfm.com\/noticias\/?p=127393"},"modified":"2023-09-21T11:34:10","modified_gmt":"2023-09-21T14:34:10","slug":"nestor-ortega-se-prepara-para-las-elecciones-municipales","status":"publish","type":"post","link":"https:\/\/vinasfm.com\/noticias\/nestor-ortega-se-prepara-para-las-elecciones-municipales\/","title":{"rendered":"N\u00c9STOR ORTEGA SE PREPARA PARA LAS ELECCIONES MUNICIPALES"},"content":{"rendered":"<h4>El pr\u00f3ximo domingo 24 se celebran las elecciones en nuestra provincia y N\u00e9stor Ortega candidato a concejal de La Uni\u00f3n Mendocina, brind\u00f3 detalles al respecto.<\/h4>\n<p>El candidato destac\u00f3 sentirse contento, respaldando a<strong><span style=\"color: #3366ff;\"> Javier L\u00f3pez<\/span><\/strong>, quien es candidato a Intendente, adem\u00e1s, resalt\u00f3 la importancia de no ingresar con el celular a la hora de votar, dada la modalidad de votaci\u00f3n (Boleta \u00danica).<\/p>\n<p>El funcionario, record\u00f3 su labor en la gesti\u00f3n del actual intendente <strong><span style=\"color: #3366ff;\">Walter Marcolini<\/span><\/strong> como asesor t\u00e9cnico de la direcci\u00f3n de turismo, en donde tuvo una participaci\u00f3n muy activa.<em><strong> \u00abAunque la vida misma no nos doto con una monta\u00f1a, hay un mont\u00f3n de paisajes culturales en el departamento, es una fortaleza\u00bb. <\/strong><\/em>La pandemia fue un antes y un despu\u00e9s, lo cual favoreci\u00f3 en el \u00e1mbito tur\u00edstico a General Alvear, la gente empez\u00f3 a elegir lugares peque\u00f1os.<\/p>\n<p>Adem\u00e1s, destac\u00f3 el compromiso que tiene con cada zona del departamento y con la gente. <em><strong>\u00abla posibilidad de ser concejal nos da fuerza, con toda la responsabilidad de mundo trabajaremos en todas las problem\u00e1ticas del departamento\u00bb.<\/strong><\/em><\/p>\n","protected":false},"excerpt":{"rendered":"<p>El pr\u00f3ximo domingo 24 se celebran las elecciones en nuestra provincia y N\u00e9stor Ortega candidato a concejal de La Uni\u00f3n Mendocina, &#8230;<\/p>\n","protected":false},"author":7,"featured_media":127400,"comment_status":"open","ping_status":"open","sticky":false,"template":"","format":"standard","meta":{"footnotes":""},"categories":[1],"tags":[],"class_list":["post-127393","post","type-post","status-publish","format-standard","has-post-thumbnail","hentry","category-fmvinas"],"_links":{"self":[{"href":"https:\/\/vinasfm.com\/noticias\/wp-json\/wp\/v2\/posts\/127393","targetHints":{"allow":["GET"]}}],"collection":[{"href":"https:\/\/vinasfm.com\/noticias\/wp-json\/wp\/v2\/posts"}],"about":[{"href":"https:\/\/vinasfm.com\/noticias\/wp-json\/wp\/v2\/types\/post"}],"author":[{"embeddable":true,"href":"https:\/\/vinasfm.com\/noticias\/wp-json\/wp\/v2\/users\/7"}],"replies":[{"embeddable":true,"href":"https:\/\/vinasfm.com\/noticias\/wp-json\/wp\/v2\/comments?post=127393"}],"version-history":[{"count":2,"href":"https:\/\/vinasfm.com\/noticias\/wp-json\/wp\/v2\/posts\/127393\/revisions"}],"predecessor-version":[{"id":127401,"href":"https:\/\/vinasfm.com\/noticias\/wp-json\/wp\/v2\/posts\/127393\/revisions\/127401"}],"wp:featuredmedia":[{"embeddable":true,"href":"https:\/\/vinasfm.com\/noticias\/wp-json\/wp\/v2\/media\/127400"}],"wp:attachment":[{"href":"https:\/\/vinasfm.com\/noticias\/wp-json\/wp\/v2\/media?parent=127393"}],"wp:term":[{"taxonomy":"category","embeddable":true,"href":"https:\/\/vinasfm.com\/noticias\/wp-json\/wp\/v2\/categories?post=127393"},{"taxonomy":"post_tag","embeddable":true,"href":"https:\/\/vinasfm.com\/noticias\/wp-json\/wp\/v2\/tags?post=127393"}],"curies":[{"name":"wp","href":"https:\/\/api.w.org\/{rel}","templated":true}]}}