{"id":127361,"date":"2023-09-21T10:20:02","date_gmt":"2023-09-21T13:20:02","guid":{"rendered":"https:\/\/vinasfm.com\/noticias\/?p=127361"},"modified":"2023-09-22T09:47:22","modified_gmt":"2023-09-22T12:47:22","slug":"21-de-septiembre-dia-de-la-sanidad","status":"publish","type":"post","link":"https:\/\/vinasfm.com\/noticias\/21-de-septiembre-dia-de-la-sanidad\/","title":{"rendered":"21 DE SEPTIEMBRE: D\u00cdA DE LA SANIDAD"},"content":{"rendered":"<p><strong>Cada 21 de septiembre se celebra el D\u00eda de la Sanidad en el pa\u00eds, por tal motivo, el d\u00eda mi\u00e9rcoles se realiz\u00f3 un acto en el Hospital Enfermeros Argentinos.\u00a0<\/strong><\/p>\n<p>El Sr. Intendente Walther Marcoli agradeci\u00f3 a cada uno de los trabajadores de la salud por su excelente labor, y destac\u00f3 el honor que fue para \u00e9l poder acompa\u00f1arlos durante sus dos gestiones. <em><strong>\u00abLes pido que siempre sigan teniendo esa entrega, esa pasi\u00f3n, por lo que hacen. Cuesta entregarse al otro y mucho mas en situaciones de enfermedad, esa entrega que ustedes tienen es la que venimos a reconocer\u00bb.<\/strong><\/em><\/p>\n<p><img loading=\"lazy\" decoding=\"async\" class=\"\" src=\"https:\/\/scontent.fnqn2-1.fna.fbcdn.net\/v\/t39.30808-6\/380883187_340902594968129_3689773317142219202_n.jpg?_nc_cat=102&amp;ccb=1-7&amp;_nc_sid=49d041&amp;_nc_ohc=O2FU-P5rtP8AX9ivsdX&amp;_nc_ht=scontent.fnqn2-1.fna&amp;oh=00_AfC65nCpmZIfreDlOM_sUg7K3sUKd2cd9ILd-ZLZcRmB6g&amp;oe=65123030\" alt=\"Puede ser una imagen de 8 personas\" width=\"400\" height=\"233\" \/> <img loading=\"lazy\" decoding=\"async\" class=\"\" src=\"https:\/\/scontent.fnqn2-1.fna.fbcdn.net\/v\/t39.30808-6\/380889935_340903494968039_1472190299795902061_n.jpg?_nc_cat=110&amp;ccb=1-7&amp;_nc_sid=49d041&amp;_nc_ohc=_9fVZbukydAAX_Iuijq&amp;_nc_ht=scontent.fnqn2-1.fna&amp;oh=00_AfCqHdSxS7218bMCFv4hoU0ZataF0cKHfyF9WBpA5EfibA&amp;oe=651036C4\" alt=\"Puede ser una imagen de 12 personas\" width=\"350\" height=\"233\" \/><\/p>\n<p>Adem\u00e1s, agradeci\u00f3 a todos lo que forman la comunidad de la salud por lo que hacen por General Alvear y por las zonas aleda\u00f1as como distritos pertenecientes a San Rafael y partes de La Pampa.<\/p>\n<p>Por su parte, Alejandro Torres &#8211; Dir. del Hospital Enfermeros Argentinos expres\u00f3 agradecido por formar parte del sistema de salud, por otra parte, detall\u00f3 que cuentan con una residencia de enfermer\u00eda comunitaria y de medicina de familia, desde donde se hacen diferentes intervenciones en la comunidad. <em><strong>\u00abEste trabajo invaluable, es llevar la salud a la gente y no esperar a que llegue la complicaci\u00f3n al hospital\u00bb<\/strong><\/em><\/p>\n<p><img loading=\"lazy\" decoding=\"async\" class=\"\" src=\"https:\/\/scontent.fnqn2-1.fna.fbcdn.net\/v\/t39.30808-6\/380879243_340903628301359_6606694734020805303_n.jpg?_nc_cat=110&amp;ccb=1-7&amp;_nc_sid=49d041&amp;_nc_ohc=SF37annq0qYAX-QN2yZ&amp;_nc_ht=scontent.fnqn2-1.fna&amp;oh=00_AfDvcAU2ZSAKBYJVBe-R3x20h9PBLZkXC7VLhFb9UJDj-g&amp;oe=6511623B\" alt=\"Puede ser una imagen de 15 personas y personas haciendo artes marciales\" width=\"401\" height=\"267\" \/> <img loading=\"lazy\" decoding=\"async\" class=\"\" src=\"https:\/\/scontent.fnqn2-1.fna.fbcdn.net\/v\/t39.30808-6\/380883017_340905271634528_3381092882165423737_n.jpg?_nc_cat=111&amp;ccb=1-7&amp;_nc_sid=49d041&amp;_nc_ohc=ib94m5Es4kMAX-48Gwe&amp;_nc_ht=scontent.fnqn2-1.fna&amp;oh=00_AfB3h4IgWugS1q1T72ZCb0YeApO6FfkpFsR0iU-oxQJPlQ&amp;oe=6511F2B2\" alt=\"Puede ser una imagen de 11 personas\" width=\"402\" height=\"268\" \/><\/p>\n<p>El director afirm\u00f3 estar preparados para recibir pacientes con patolog\u00edas complejas y hacerle un seguimiento, la pandemia fue un antes y un despu\u00e9s, hizo que cambiara la mirada a la atenci\u00f3n. <em><strong>\u00abMe hubiera gustado para la pandemia tener la guardia terminada, pero es un problema de la gente que no contaba con las certificaciones de obras\u00bb<\/strong><\/em><\/p>\n<p><em><strong>\u00abLa idea es traer especialistas al departamento para que los pacientes no se tengan que trasladar, contamos con la infraestructura\u00bb<\/strong><\/em><\/p>\n","protected":false},"excerpt":{"rendered":"<p>Cada 21 de septiembre se celebra el D\u00eda de la Sanidad en el pa\u00eds, por tal motivo, el d\u00eda mi\u00e9rcoles se &#8230;<\/p>\n","protected":false},"author":7,"featured_media":127389,"comment_status":"open","ping_status":"open","sticky":false,"template":"","format":"standard","meta":{"footnotes":""},"categories":[5,15],"tags":[],"class_list":["post-127361","post","type-post","status-publish","format-standard","has-post-thumbnail","hentry","category-actualidad","category-salud"],"_links":{"self":[{"href":"https:\/\/vinasfm.com\/noticias\/wp-json\/wp\/v2\/posts\/127361","targetHints":{"allow":["GET"]}}],"collection":[{"href":"https:\/\/vinasfm.com\/noticias\/wp-json\/wp\/v2\/posts"}],"about":[{"href":"https:\/\/vinasfm.com\/noticias\/wp-json\/wp\/v2\/types\/post"}],"author":[{"embeddable":true,"href":"https:\/\/vinasfm.com\/noticias\/wp-json\/wp\/v2\/users\/7"}],"replies":[{"embeddable":true,"href":"https:\/\/vinasfm.com\/noticias\/wp-json\/wp\/v2\/comments?post=127361"}],"version-history":[{"count":3,"href":"https:\/\/vinasfm.com\/noticias\/wp-json\/wp\/v2\/posts\/127361\/revisions"}],"predecessor-version":[{"id":127390,"href":"https:\/\/vinasfm.com\/noticias\/wp-json\/wp\/v2\/posts\/127361\/revisions\/127390"}],"wp:featuredmedia":[{"embeddable":true,"href":"https:\/\/vinasfm.com\/noticias\/wp-json\/wp\/v2\/media\/127389"}],"wp:attachment":[{"href":"https:\/\/vinasfm.com\/noticias\/wp-json\/wp\/v2\/media?parent=127361"}],"wp:term":[{"taxonomy":"category","embeddable":true,"href":"https:\/\/vinasfm.com\/noticias\/wp-json\/wp\/v2\/categories?post=127361"},{"taxonomy":"post_tag","embeddable":true,"href":"https:\/\/vinasfm.com\/noticias\/wp-json\/wp\/v2\/tags?post=127361"}],"curies":[{"name":"wp","href":"https:\/\/api.w.org\/{rel}","templated":true}]}}