{"id":127358,"date":"2023-09-20T11:13:42","date_gmt":"2023-09-20T14:13:42","guid":{"rendered":"https:\/\/vinasfm.com\/noticias\/?p=127358"},"modified":"2023-09-21T11:15:44","modified_gmt":"2023-09-21T14:15:44","slug":"comprar-sin-iva-como-arranco-en-mendoza","status":"publish","type":"post","link":"https:\/\/vinasfm.com\/noticias\/comprar-sin-iva-como-arranco-en-mendoza\/","title":{"rendered":"COMPRAR SIN IVA: C\u00d3MO ARRANC\u00d3 EN MENDOZA"},"content":{"rendered":"<p class=\"news-headline__article-summary\"><strong>El programa que devuelve el 21% del impuesto a las compras de productos masivos a\u00fan genera dudas en los consumidores. Qu\u00e9 dicen las cadenas masivas de Mendoza.<\/strong><\/p>\n<article class=\"article-body article-body--first-paragraph\" data-td-script-src=\"https:\/\/www.sitioandino.com.ar\/td\/modulos\/encuestas\/js\/function-embeds-min-version-1661266718.js\">A poco de habilitado el beneficio de recuperar el 21% de IVA (<strong><a href=\"https:\/\/www.sitioandino.com.ar\/impuesto-a6079\" target=\"_self\" rel=\"follow noopener\">Impuesto<\/a><\/strong>\u00a0al Valor Agregado) en compras mensuales, muchos en\u00a0<strong>Mendoza<\/strong>\u00a0se volcaron a aprovechar la devoluci\u00f3n de setiembre. Aunque, como admiten en comercios minoristas y mayoristas, con muchas dudas de los consumidores y poca informaci\u00f3n todav\u00eda.<\/article>\n<article class=\"article-body article-body--second-paragraph\">Hasta ahora, se sabe que el programa \u00abCompre sin IVA\u00bb requiere no superar $85.500 en productos incluidos dentro del r\u00e9gimen de reintegros. En no m\u00e1s de 48 horas deben efectivizarse en la cuenta a la que est\u00e1 asociada la tarjeta de d\u00e9bito (incluso tarjeta Alimentar y Potenciar Trabajo), con un tope mensual de $18.800, ya que por ahora los pagos con c\u00f3digo QR no estar\u00edan alcanzados.<\/p>\n<article class=\"article-body article-body--second-paragraph\">Durante los primeros dos d\u00edas de implementado el beneficio, entre los consumidores mendocinos subsisten dudas (para algunos devenidas en certezas) a la hora de concretar la compra.\u00a0<strong><a href=\"https:\/\/www.sitioandino.com.ar\/economia\/donde-consultar-si-me-devuelven-el-iva-2023-todos-los-detalles-n5662246\" target=\"_self\" rel=\"follow noopener\">Como asumir que acceder\u00e1n al recupero del IVA<\/a><\/strong>\u00a0por cada compra que hagan con el tope mencionado, o el cu\u00e1ndo y c\u00f3mo se devuelve el importe.<\/article>\n<article class=\"article-body article-body--second-paragraph\">\u00abCre\u00eda que me lo descontaban al final del ticket\u00bb, reconoce\u00a0<strong>Jos\u00e9<\/strong> (40) al pasar la caja de un conocido h\u00edper mayorista, con la inquietud de si recibir\u00e1 o no en tiempo y forma los $1.000 que le corresponden por su compra.<\/article>\n<article class=\"article-body article-body--third-paragraph\">\n<h2>IVA y promos: \u00abTodo suma\u00bb<\/h2>\n<p>Una recorrida por algunas cadenas permite comprobar que hay expectativa y algo de desinformaci\u00f3n.<\/p>\n<p>Con bastante escepticismo despu\u00e9s de comprar por casi $11.000,\u00a0<strong>Mar\u00eda<\/strong>\u00a0(75) cuenta: \u00abM\u00e1s vale que sab\u00eda lo del IVA, lo estaba esperando. Pero vengo de comprar en una farmacia y no me lo hicieron. Ojal\u00e1 que ahora me devuelvan los 2 mil y pico que corresponden\u00bb.<\/p>\n<p>En los carros predominan alimentos y bebidas, seguidos en cantidad por art\u00edculos de limpieza e higiene. El personal de algunas cadenas, presto a evacuar dudas siempre que dispongan de la respuesta indicada m\u00e1s all\u00e1 del monto m\u00e1ximo de $18.800 como beneficio.<\/p>\n<p>\u00abA los clientes\u00a0se les aclara que es un monto mensual, y sin restricciones\u00a0en cuanto a los productos ni tarjeta de d\u00e9bito. Pero indudablemente falta informaci\u00f3n\u00bb, argumenta\u00a0<strong>Carina Pilot<\/strong>, gerenta de MKT de Blow Max, uno de los mayoristas m\u00e1s concurridos, que intenta traccionar el consumo con acciones propias, como el cr\u00e9dito fiscal los lunes y un descuento de hasta el 40% en carnes todos los jueves, que ahora se acumulan al nuevo beneficio.<\/p>\n<p>La responsable comercial evita hacer un balance de los primeros dos d\u00edas de reintegro del IVA porque \u00aba esta altura del mes la gente empieza a cuidar el poco dinero que le queda, habr\u00e1 que ver a comienzos de octubre. Pero en esta situaci\u00f3n todo suma\u00bb.<\/p>\n<h2>Frente a la inflaci\u00f3n \u00bfsirve?<\/h2>\n<p>Entre los s\u00faper el desfile no parece ser m\u00e1s intenso que cualquier otro d\u00eda de la semana.<\/p>\n<p><strong>Maximiliano Bardini<\/strong>, de Casa Segal, coincide en que \u00abno se ha comunicado bien, o falta informaci\u00f3n. Sin embargo, a\u00a0la hora de comprar la mayor\u00eda se inclina por alimentos e higiene personal, en un momento en el que la venta en cantidad de unidades es un 40% menor que el a\u00f1o pasado por la inflaci\u00f3n\u00bb.<\/p>\n<p>Justamente, el fen\u00f3meno del crecimiento galopante de precios ha hecho que\u00a0<strong>el ticket de compra promedio en puntos de venta masivos de Mendoza oscile entre los $6.000 y $10.000\u00a0<\/strong>($20.000 entre los mayoristas), con lo cual es previsible que la ayuda que para el Gobierno puede ser devolver el IVA termine licu\u00e1ndose r\u00e1pidamente.<\/p>\n<p>En el medio, la devaluaci\u00f3n del 22% del 14 de agosto hizo mella en las nuevas listas de precios, sobre todo de las grandes marcas. Algunas de ellas, como\u00a0<strong>Unilever y Arcor aplicaron un 25%<\/strong>\u00a0seguido de un leve recorte que para los comerciantes no alcanz\u00f3 a compensar.<\/p>\n<p>\u00ab<strong>Sirve el reintegro del IVA para la inflaci\u00f3n que tenemos?<\/strong>\u00a0Creo que\u00a0no tanto, porque ser\u00e1 por un par de meses y el bolsillo de la gente ya viene perdiendo y va a seguir perdiendo con la evoluci\u00f3n de precios cuando termine\u00bb, acota el encargado del local, donde a diferencia de otras cadenas la estrategia comercial no incluye d\u00edas de promociones con descuentos sino \u00abtratar de que los precios se mantengan lo m\u00e1s bajos posibles\u00bb.<\/p>\n<p>Por lo pronto, lo cierto es que las categor\u00edas de productos alcanzadas por la devoluci\u00f3n del 21% IVA son las siguientes:<\/p>\n<p>Productos l\u00e1cteos; aves, huevos, productos de granja; frutas, legumbres, y hortalizas frescas; pan, productos de confiter\u00eda y pastas frescas; az\u00facar; aceite y grasas; caf\u00e9, t\u00e9, yerba mate y otras infusiones, especias y condimentos (sal incluida); productos y subproductos de moliner\u00eda; frutas, legumbres y cereales secos y en conserva y frescas; fiambres y embutidos; carnes rojas, menudencias y chacinados frescos y pescados; productos de almac\u00e9n y diet\u00e9ticas; productos farmac\u00e9uticos y de herborister\u00eda; y cosm\u00e9ticos, productos de tocador y de perfumer\u00eda.<\/p>\n<h6>SitioAndino<\/h6>\n<\/article>\n<\/article>\n","protected":false},"excerpt":{"rendered":"<p>El programa que devuelve el 21% del impuesto a las compras de productos masivos a\u00fan genera dudas en los consumidores. Qu\u00e9 &#8230;<\/p>\n","protected":false},"author":7,"featured_media":127359,"comment_status":"open","ping_status":"open","sticky":false,"template":"","format":"standard","meta":{"footnotes":""},"categories":[5,16],"tags":[],"class_list":["post-127358","post","type-post","status-publish","format-standard","has-post-thumbnail","hentry","category-actualidad","category-economia"],"_links":{"self":[{"href":"https:\/\/vinasfm.com\/noticias\/wp-json\/wp\/v2\/posts\/127358","targetHints":{"allow":["GET"]}}],"collection":[{"href":"https:\/\/vinasfm.com\/noticias\/wp-json\/wp\/v2\/posts"}],"about":[{"href":"https:\/\/vinasfm.com\/noticias\/wp-json\/wp\/v2\/types\/post"}],"author":[{"embeddable":true,"href":"https:\/\/vinasfm.com\/noticias\/wp-json\/wp\/v2\/users\/7"}],"replies":[{"embeddable":true,"href":"https:\/\/vinasfm.com\/noticias\/wp-json\/wp\/v2\/comments?post=127358"}],"version-history":[{"count":2,"href":"https:\/\/vinasfm.com\/noticias\/wp-json\/wp\/v2\/posts\/127358\/revisions"}],"predecessor-version":[{"id":127397,"href":"https:\/\/vinasfm.com\/noticias\/wp-json\/wp\/v2\/posts\/127358\/revisions\/127397"}],"wp:featuredmedia":[{"embeddable":true,"href":"https:\/\/vinasfm.com\/noticias\/wp-json\/wp\/v2\/media\/127359"}],"wp:attachment":[{"href":"https:\/\/vinasfm.com\/noticias\/wp-json\/wp\/v2\/media?parent=127358"}],"wp:term":[{"taxonomy":"category","embeddable":true,"href":"https:\/\/vinasfm.com\/noticias\/wp-json\/wp\/v2\/categories?post=127358"},{"taxonomy":"post_tag","embeddable":true,"href":"https:\/\/vinasfm.com\/noticias\/wp-json\/wp\/v2\/tags?post=127358"}],"curies":[{"name":"wp","href":"https:\/\/api.w.org\/{rel}","templated":true}]}}