{"id":127337,"date":"2023-09-20T09:37:05","date_gmt":"2023-09-20T12:37:05","guid":{"rendered":"https:\/\/vinasfm.com\/noticias\/?p=127337"},"modified":"2023-09-21T09:08:43","modified_gmt":"2023-09-21T12:08:43","slug":"walther-marcolini-sobre-el-debate-electoral-la-sociedad-tiene-derecho-a-estar-informada","status":"publish","type":"post","link":"https:\/\/vinasfm.com\/noticias\/walther-marcolini-sobre-el-debate-electoral-la-sociedad-tiene-derecho-a-estar-informada\/","title":{"rendered":"WALTHER MARCOLINI, SOBRE EL DEBATE ELECTORAL: \u201cLA SOCIEDAD TIENE DERECHO A ESTAR INFORMADA\u201d"},"content":{"rendered":"<p><span style=\"color: #000000;\"><strong>Durante la noche del martes se realiz\u00f3 el Debate Electoral en el HCD, en donde los ciudadanos pudieron conocer las propuestas de los 3 candidatos a Intendente.<\/strong><\/span><\/p>\n<p><span style=\"color: #000000;\">El Sr. Intendente Walther Marcolini, quien acompa\u00f1a a Alejandro Molero, estuvo presente en el Sal\u00f3n San Mar\u00edn del HCD y expres\u00f3; <strong><em>\u201cLa sociedad tiene derecho a estar informada, esta es la oportunidad para que los candidatos manifiesten su capacidad de liderazgo, su visi\u00f3n en conjunto y la posibilidad de mirar de forma integral al departamento\u201d. <\/em><\/strong><\/span><\/p>\n<p><span style=\"color: #000000;\">En un an\u00e1lisis sobre el desenvolvimiento de los tres candidatos sostuvo, <strong><em>\u201cestoy convencido de que Alejandro Molero representa la continuidad de nuestro gobierno y eso se vio reflejado en la interna de Cambia Mendoza\u201d.<\/em><\/strong><\/span><\/p>\n<p><span style=\"color: #000000;\">Por \u00faltimo, rechaz\u00f3 la actitud agresiva de algunos candidatos; <em><strong>\u201calgunos desperdiciaron la oportunidad de presentar sus propuestas solo para atacar, eso deval\u00faa el Debate Pol\u00edtico\u201d.<\/strong><\/em><\/span><\/p>\n<p><img loading=\"lazy\" decoding=\"async\" class=\"\" src=\"https:\/\/scontent-eze1-1.xx.fbcdn.net\/v\/t39.30808-6\/380671334_788101013320369_4305600490817089242_n.jpg?_nc_cat=108&amp;ccb=1-7&amp;_nc_sid=49d041&amp;_nc_ohc=8dUsdHz7pHUAX-SAsnc&amp;_nc_ht=scontent-eze1-1.xx&amp;cb_e2o_trans=t&amp;oh=00_AfDwSurs8PtpgN2RRmNPmeNChaS06SNkXgy9I-WjT8QLGQ&amp;oe=650F8C81\" alt=\"Puede ser una imagen de 4 personas y texto\" width=\"489\" height=\"326\" \/><\/p>\n<h6>La UCR reunida en el Comit\u00e9 Local<\/h6>\n<h6><span style=\"color: #000000;\">GV<\/span><\/h6>\n","protected":false},"excerpt":{"rendered":"<p>Durante la noche del martes se realiz\u00f3 el Debate Electoral en el HCD, en donde los ciudadanos pudieron conocer las propuestas &#8230;<\/p>\n","protected":false},"author":7,"featured_media":127339,"comment_status":"open","ping_status":"open","sticky":false,"template":"","format":"standard","meta":{"footnotes":""},"categories":[5,7],"tags":[],"class_list":["post-127337","post","type-post","status-publish","format-standard","has-post-thumbnail","hentry","category-actualidad","category-politica"],"_links":{"self":[{"href":"https:\/\/vinasfm.com\/noticias\/wp-json\/wp\/v2\/posts\/127337","targetHints":{"allow":["GET"]}}],"collection":[{"href":"https:\/\/vinasfm.com\/noticias\/wp-json\/wp\/v2\/posts"}],"about":[{"href":"https:\/\/vinasfm.com\/noticias\/wp-json\/wp\/v2\/types\/post"}],"author":[{"embeddable":true,"href":"https:\/\/vinasfm.com\/noticias\/wp-json\/wp\/v2\/users\/7"}],"replies":[{"embeddable":true,"href":"https:\/\/vinasfm.com\/noticias\/wp-json\/wp\/v2\/comments?post=127337"}],"version-history":[{"count":2,"href":"https:\/\/vinasfm.com\/noticias\/wp-json\/wp\/v2\/posts\/127337\/revisions"}],"predecessor-version":[{"id":127351,"href":"https:\/\/vinasfm.com\/noticias\/wp-json\/wp\/v2\/posts\/127337\/revisions\/127351"}],"wp:featuredmedia":[{"embeddable":true,"href":"https:\/\/vinasfm.com\/noticias\/wp-json\/wp\/v2\/media\/127339"}],"wp:attachment":[{"href":"https:\/\/vinasfm.com\/noticias\/wp-json\/wp\/v2\/media?parent=127337"}],"wp:term":[{"taxonomy":"category","embeddable":true,"href":"https:\/\/vinasfm.com\/noticias\/wp-json\/wp\/v2\/categories?post=127337"},{"taxonomy":"post_tag","embeddable":true,"href":"https:\/\/vinasfm.com\/noticias\/wp-json\/wp\/v2\/tags?post=127337"}],"curies":[{"name":"wp","href":"https:\/\/api.w.org\/{rel}","templated":true}]}}