{"id":127324,"date":"2023-09-20T09:10:54","date_gmt":"2023-09-20T12:10:54","guid":{"rendered":"https:\/\/vinasfm.com\/noticias\/?p=127324"},"modified":"2023-09-20T09:10:54","modified_gmt":"2023-09-20T12:10:54","slug":"debate-de-candidatos-la-palabra-de-javier-lopez","status":"publish","type":"post","link":"https:\/\/vinasfm.com\/noticias\/debate-de-candidatos-la-palabra-de-javier-lopez\/","title":{"rendered":"DEBATE DE CANDIDATOS: LA PALABRA DE JAVIER LOPEZ"},"content":{"rendered":"<h4>Con gran \u00e9xito se llevo a cabo el debate de los candidatos a intendentes de General Alvear.<\/h4>\n<p>El candidato Javier L\u00f3pez se expres\u00f3 luego del debate, agradecido porque gracias a esto la gente los conoce, adem\u00e1s, destac\u00f3 que su foco esta puesto en el desarrollo del departamento realizando obras estrat\u00e9gicas como el trasvase, apuntar al turismo, a obras que embellezcan General Alvear.<\/p>\n<p><em><strong>\u00abLa gente tiene que evaluar no solo por sus palabras sino por sus hechos\u00bb\u00a0<\/strong><\/em> haciendo referencia a lo que se vivi\u00f3 dentro del recinto del HDC. <em><strong>\u00abHacemos pol\u00edtica por el desarrollo, que nos permita crecer, planificar, ordenarnos econ\u00f3micamente. Tenemos que captar el mercado patag\u00f3nico pero tambi\u00e9n el local\u00bb<\/strong><\/em><\/p>\n<p>&nbsp;<\/p>\n","protected":false},"excerpt":{"rendered":"<p>Con gran \u00e9xito se llevo a cabo el debate de los candidatos a intendentes de General Alvear. El candidato Javier L\u00f3pez &#8230;<\/p>\n","protected":false},"author":7,"featured_media":127330,"comment_status":"open","ping_status":"open","sticky":false,"template":"","format":"standard","meta":{"footnotes":""},"categories":[1],"tags":[],"class_list":["post-127324","post","type-post","status-publish","format-standard","has-post-thumbnail","hentry","category-fmvinas"],"_links":{"self":[{"href":"https:\/\/vinasfm.com\/noticias\/wp-json\/wp\/v2\/posts\/127324","targetHints":{"allow":["GET"]}}],"collection":[{"href":"https:\/\/vinasfm.com\/noticias\/wp-json\/wp\/v2\/posts"}],"about":[{"href":"https:\/\/vinasfm.com\/noticias\/wp-json\/wp\/v2\/types\/post"}],"author":[{"embeddable":true,"href":"https:\/\/vinasfm.com\/noticias\/wp-json\/wp\/v2\/users\/7"}],"replies":[{"embeddable":true,"href":"https:\/\/vinasfm.com\/noticias\/wp-json\/wp\/v2\/comments?post=127324"}],"version-history":[{"count":2,"href":"https:\/\/vinasfm.com\/noticias\/wp-json\/wp\/v2\/posts\/127324\/revisions"}],"predecessor-version":[{"id":127334,"href":"https:\/\/vinasfm.com\/noticias\/wp-json\/wp\/v2\/posts\/127324\/revisions\/127334"}],"wp:featuredmedia":[{"embeddable":true,"href":"https:\/\/vinasfm.com\/noticias\/wp-json\/wp\/v2\/media\/127330"}],"wp:attachment":[{"href":"https:\/\/vinasfm.com\/noticias\/wp-json\/wp\/v2\/media?parent=127324"}],"wp:term":[{"taxonomy":"category","embeddable":true,"href":"https:\/\/vinasfm.com\/noticias\/wp-json\/wp\/v2\/categories?post=127324"},{"taxonomy":"post_tag","embeddable":true,"href":"https:\/\/vinasfm.com\/noticias\/wp-json\/wp\/v2\/tags?post=127324"}],"curies":[{"name":"wp","href":"https:\/\/api.w.org\/{rel}","templated":true}]}}