{"id":127231,"date":"2023-09-18T10:30:49","date_gmt":"2023-09-18T13:30:49","guid":{"rendered":"https:\/\/vinasfm.com\/noticias\/?p=127231"},"modified":"2023-09-19T08:36:29","modified_gmt":"2023-09-19T11:36:29","slug":"mendoza-sera-sede-del-congreso-internacional-de-alfabetizacion-lectura-y-escritura-2023","status":"publish","type":"post","link":"https:\/\/vinasfm.com\/noticias\/mendoza-sera-sede-del-congreso-internacional-de-alfabetizacion-lectura-y-escritura-2023\/","title":{"rendered":"MENDOZA SER\u00c1 SEDE DEL CONGRESO INTERNACIONAL DE ALFABETIZACI\u00d3N, LECTURA Y ESCRITURA 2023"},"content":{"rendered":"<p><strong>Bajo el lema \u201cHacia trayectorias reales\u201d, el gobierno escolar invita a la comunidad mendocina a ser parte de esta jornada educativa que tiene como fin mejorar y acompa\u00f1ar las trayectorias escolares de nuestros estudiantes con calidad.<\/strong><\/p>\n<p>La Direcci\u00f3n General de Escuelas informa que Mendoza ser\u00e1 sede del Congreso Internacional de Alfabetizaci\u00f3n, Lectura y Escritura 2023 que se desarrollar\u00e1 el 21 y 22 de setiembre, en el Espacio Cultural Julio Le Parc.<\/p>\n<p>El mismo contar\u00e1 con puntaje docente. Para acreditarlo deber\u00e1 cumplir con la asistencia de ambos d\u00edas.<\/p>\n<p>La Directora de Planeamiento de la Calidad Educativa, Silvina Del P\u00f3polo, sostuvo que el objetivo de este Congreso es acercar la investigaci\u00f3n cient\u00edfica en torno a las tem\u00e1ticas que se van a tratar, a las pr\u00e1cticas en el aula y a la experiencia de ense\u00f1anza y aprendizaje de la lectura y escritura en nuestro sistema educativo.<\/p>\n<p>\u201cEst\u00e1n convocados a participar docentes de todos los niveles y modalidades donde podr\u00e1n compartir una agenda nutrida con investigadores de distintos puntos del pa\u00eds y de la regi\u00f3n. Pretendemos tambi\u00e9n hacer un espacio de puesta en com\u00fan de buenas pr\u00e1cticas docentes generando una comunidad de aprendizaje en torno a la lectura y escritura.<\/p>\n<p>La funcionaria inform\u00f3 tambi\u00e9n que habr\u00e1 mesas en torno a la literatura infantil y juvenil junto a planes de lectura de otras provincias que compartir\u00e1n su experiencia y espacios para dialogar, compartir inquietudes, desaf\u00edos, problem\u00e1ticas que compartimos para mejorar las trayectorias de alfabetizaci\u00f3n.<\/p>\n<p><img loading=\"lazy\" decoding=\"async\" class=\"\" src=\"https:\/\/www.mendoza.gov.ar\/wp-content\/uploads\/sites\/5\/2023\/09\/IMG-20230918-WA0001-700x700.jpg\" width=\"400\" height=\"400\" \/><\/p>\n<h2><strong>Actividades del Congreso de Alfabetizaci\u00f3n 2023<\/strong><\/h2>\n<p>El evento organizado por la Direcci\u00f3n de Planificaci\u00f3n de la Calidad Educativa tiene como objetivo poner en relevancia espacios de investigaci\u00f3n, praxis y evaluaci\u00f3n de estas tres grandes tem\u00e1ticas: alfabetizaci\u00f3n, lectura y escritura.<\/p>\n<p>El encuentro se presentar\u00e1 como un espacio de intercambio de experiencias, perspectivas y metodolog\u00edas de trabajo de car\u00e1cter disciplinario e interdisciplinario, realizadas por l\u00edderes, especialistas y docentes del \u00e1mbito educativo a nivel local, nacional e internacional.<\/p>\n<p>Las actividades del Congreso Internacional de Alfabetizaci\u00f3n, Lectura y Escritura se desarrollar\u00e1n en formato h\u00edbrido con instancias presenciales y virtuales v\u00eda streaming.<\/p>\n<p><img loading=\"lazy\" decoding=\"async\" class=\"\" src=\"https:\/\/www.mendoza.gov.ar\/wp-content\/uploads\/sites\/5\/2023\/09\/IMG-20230918-WA0002-1-700x700.jpg\" width=\"400\" height=\"400\" \/> <img loading=\"lazy\" decoding=\"async\" class=\"\" src=\"https:\/\/www.mendoza.gov.ar\/wp-content\/uploads\/sites\/5\/2023\/09\/IMG-20230918-WA0000-700x700.jpg\" width=\"400\" height=\"400\" \/><\/p>\n<p>Los ejes tem\u00e1ticos que se abordar\u00e1n son alfabetizaci\u00f3n, alfabetizaci\u00f3n multimodal\u00a0 y digital, procesos de comprensi\u00f3n lectora y h\u00e1bitos y promoci\u00f3n de lectura en comunidad. Tambi\u00e9n se abordar\u00e1 la ense\u00f1anza y aprendizaje de la escritura, la lectura en la ciencia\u00a0y en las matem\u00e1ticas, conexi\u00f3n entre lectura y escritura, prevenci\u00f3n e intervenci\u00f3n en los inicios de la lectura y escritura.<\/p>\n<p>Trastornos\u00a0 vinculados a la lectura y escritura, desarrollo del lenguaje en la primera infancia\u00a0y literacidad\u00a0ser\u00e1n otros ejes tem\u00e1ticos que se abordar\u00e1n junto a diferentes referentes educativos que participar\u00e1n de este importante evento educativo.<\/p>\n<p><a href=\"https:\/\/www.mendoza.edu.ar\/ciale2023\/#:~:text=CIALE2023%20%E2%80%93%20www.mendoza.edu.ar&amp;text=La%20segunda%20edici%C3%B3n%20del%20Congreso,Espacio%20Cultural%20Julio%20Le%20Parc\" data-type=\"URL\" data-id=\"https:\/\/www.mendoza.edu.ar\/ciale2023\/#:~:text=CIALE2023%20%E2%80%93%20www.mendoza.edu.ar&amp;text=La%20segunda%20edici%C3%B3n%20del%20Congreso,Espacio%20Cultural%20Julio%20Le%20Parc\">Acceder a mayor informaci\u00f3n<\/a><\/p>\n","protected":false},"excerpt":{"rendered":"<p>Bajo el lema \u201cHacia trayectorias reales\u201d, el gobierno escolar invita a la comunidad mendocina a ser parte de esta jornada educativa &#8230;<\/p>\n","protected":false},"author":7,"featured_media":127232,"comment_status":"open","ping_status":"open","sticky":false,"template":"","format":"standard","meta":{"footnotes":""},"categories":[5,18],"tags":[],"class_list":["post-127231","post","type-post","status-publish","format-standard","has-post-thumbnail","hentry","category-actualidad","category-educacion"],"_links":{"self":[{"href":"https:\/\/vinasfm.com\/noticias\/wp-json\/wp\/v2\/posts\/127231","targetHints":{"allow":["GET"]}}],"collection":[{"href":"https:\/\/vinasfm.com\/noticias\/wp-json\/wp\/v2\/posts"}],"about":[{"href":"https:\/\/vinasfm.com\/noticias\/wp-json\/wp\/v2\/types\/post"}],"author":[{"embeddable":true,"href":"https:\/\/vinasfm.com\/noticias\/wp-json\/wp\/v2\/users\/7"}],"replies":[{"embeddable":true,"href":"https:\/\/vinasfm.com\/noticias\/wp-json\/wp\/v2\/comments?post=127231"}],"version-history":[{"count":4,"href":"https:\/\/vinasfm.com\/noticias\/wp-json\/wp\/v2\/posts\/127231\/revisions"}],"predecessor-version":[{"id":127247,"href":"https:\/\/vinasfm.com\/noticias\/wp-json\/wp\/v2\/posts\/127231\/revisions\/127247"}],"wp:featuredmedia":[{"embeddable":true,"href":"https:\/\/vinasfm.com\/noticias\/wp-json\/wp\/v2\/media\/127232"}],"wp:attachment":[{"href":"https:\/\/vinasfm.com\/noticias\/wp-json\/wp\/v2\/media?parent=127231"}],"wp:term":[{"taxonomy":"category","embeddable":true,"href":"https:\/\/vinasfm.com\/noticias\/wp-json\/wp\/v2\/categories?post=127231"},{"taxonomy":"post_tag","embeddable":true,"href":"https:\/\/vinasfm.com\/noticias\/wp-json\/wp\/v2\/tags?post=127231"}],"curies":[{"name":"wp","href":"https:\/\/api.w.org\/{rel}","templated":true}]}}