{"id":127228,"date":"2023-09-18T10:28:07","date_gmt":"2023-09-18T13:28:07","guid":{"rendered":"https:\/\/vinasfm.com\/noticias\/?p=127228"},"modified":"2023-09-19T08:37:55","modified_gmt":"2023-09-19T11:37:55","slug":"fluidez-lectora-se-achico-la-brecha-por-ambito-y-por-gestion","status":"publish","type":"post","link":"https:\/\/vinasfm.com\/noticias\/fluidez-lectora-se-achico-la-brecha-por-ambito-y-por-gestion\/","title":{"rendered":"FLUIDEZ LECTORA: SE ACHIC\u00d3 LA BRECHA POR \u00c1MBITO Y POR GESTI\u00d3N"},"content":{"rendered":"<p><strong>Los datos obtenidos en la segunda medici\u00f3n del Censo de Fluidez Lectora se\u00f1alan que disminuyeron las diferencias en los resultados de escuelas rurales frente a urbanas, al igual que los establecimientos de gesti\u00f3n p\u00fablica frente a privada. La importancia de la asistencia a clases.<\/strong><\/p>\n<p>La Direcci\u00f3n General de Escuelas (DGE) pone a disposici\u00f3n de la comunidad un informe donde se expone un\u00a0<a href=\"https:\/\/www.mendoza.gov.ar\/wp-content\/uploads\/sites\/5\/2023\/09\/Analisis-de-brechas-.pdf\" data-type=\"URL\" data-id=\"https:\/\/www.mendoza.gov.ar\/wp-content\/uploads\/sites\/5\/2023\/09\/Analisis-de-brechas-.pdf\">an\u00e1lisis de las brechas de desempe\u00f1o<\/a>\u00a0a trav\u00e9s de los resultados obtenidos en estudiantes de tercer grado en la segunda medici\u00f3n del Censo Fluidez Lectora 2023.<\/p>\n<p>Se analizaron las brechas que existen entre el tipo de gesti\u00f3n y el \u00e1mbito de los establecimientos escolares, utilizando los datos obtenidos en la segunda medici\u00f3n del Censo de Fluidez Lectora en 2023, y se compararon con los de la segunda medici\u00f3n de 2022 y la primera de 2023.<\/p>\n<p>Hay que destacar que, en 2022, entre las y los estudiantes con buena asistencia de los terceros grados del \u00e1mbito urbano, los resultados por encima del b\u00e1sico eran 10 por ciento m\u00e1s altos y favorables en las escuelas de gesti\u00f3n privada. Se hab\u00eda registrado 84,7 por ciento en gesti\u00f3n privada y 74,6 por ciento en gesti\u00f3n estatal.\u00a0<strong>La brecha entre gestiones se redujo a la mitad para el mismo per\u00edodo del 2023, debido al incremento de los resultados en nivel medio y avanzado en las escuelas de gesti\u00f3n estatal, registrando 81,2 por ciento<\/strong>.<\/p>\n<p>Otro dato para tener en cuenta es que, en 2022, la proporci\u00f3n de estudiantes con buena asistencia en nivel cr\u00edtico en las instituciones de gesti\u00f3n estatal del \u00e1mbito urbano superaba en 3 puntos porcentuales a las de gesti\u00f3n privada, mientras que\u00a0<strong>en 2023 esta diferencia por gesti\u00f3n no alcanza ni siquiera 1 por ciento.<\/strong><\/p>\n<p>En la segunda mitad de 2022, hab\u00eda una diferencia de 8 puntos porcentuales entre los establecimientos estatales de las \u00e1reas urbanas y los de las zonas rurales en cuanto a la cantidad de estudiantes de tercer grado en nivel cr\u00edtico: 10,7 por ciento en el \u00e1mbito urbano y 19 por ciento en el rural. Sin embargo,\u00a0<strong>para 2023, las \u00e1reas rurales mostraron un progreso significativo, reduciendo el porcentaje de estudiantes cr\u00edticos en 5 puntos porcentuales<\/strong>, y llegaron a 14 por ciento. Esto ha contribuido a una reducci\u00f3n de la brecha entre las dos zonas, que pasa a ser de 5 puntos porcentuales.<\/p>\n<p>A comienzos de 2023, la diferencia porcentual entre estudiantes de tercer grado en nivel cr\u00edtico en la gesti\u00f3n estatal y la gesti\u00f3n privada era de 14 por ciento, y disminuy\u00f3 a 7 por ciento en julio y agosto. Esta baja se explica principalmente por la mejora que se produce en los establecimientos de gesti\u00f3n estatal, donde el porcentaje de criticidad disminuy\u00f3 alrededor de 12 puntos porcentuales.<\/p>\n<p>Es muy importante destacar\u00a0que\u00a0<strong>las brechas entre las escuelas de gesti\u00f3n estatal en zonas urbanas y rurales se reducen a la mitad a mediados de este a\u00f1o<\/strong>: mientras que, en la primera medici\u00f3n 2023, el porcentaje de estudiantes de tercer grado con niveles cr\u00edticos era 10,3 mayor en el \u00e1mbito rural, en la segunda mitad esa diferencia pas\u00f3 a ser de 5,4 por ciento. En ambas \u00e1reas, el porcentaje de estudiantes con nivel cr\u00edtico en fluidez lectora disminuye m\u00e1s de la mitad entre la primera y la segunda medici\u00f3n. Se registr\u00f3 una disminuci\u00f3n de 30,7 por ciento a 14,2 por ciento en el \u00e1mbito urbano y de 20,4 por ciento a 8,8 por ciento en el \u00e1mbito rural.<\/p>\n<p><strong>La asistencia a clases es clave<\/strong><\/p>\n<p>Es notable la mejora alcanzada a mediados de este ciclo lectivo por las y los estudiantes con buena asistencia.<\/p>\n<p>Los datos de esta segunda medici\u00f3n del Censo de Fluidez Lectora demuestran el papel central de la asistencia en el desempe\u00f1o escolar<strong>: los resultados destacan que la asistencia regular a clases trae consigo mayores progresos y mejores resultados en la fluidez lectora<\/strong>.<\/p>\n","protected":false},"excerpt":{"rendered":"<p>Los datos obtenidos en la segunda medici\u00f3n del Censo de Fluidez Lectora se\u00f1alan que disminuyeron las diferencias en los resultados de &#8230;<\/p>\n","protected":false},"author":7,"featured_media":127229,"comment_status":"open","ping_status":"open","sticky":false,"template":"","format":"standard","meta":{"footnotes":""},"categories":[5,18],"tags":[],"class_list":["post-127228","post","type-post","status-publish","format-standard","has-post-thumbnail","hentry","category-actualidad","category-educacion"],"_links":{"self":[{"href":"https:\/\/vinasfm.com\/noticias\/wp-json\/wp\/v2\/posts\/127228","targetHints":{"allow":["GET"]}}],"collection":[{"href":"https:\/\/vinasfm.com\/noticias\/wp-json\/wp\/v2\/posts"}],"about":[{"href":"https:\/\/vinasfm.com\/noticias\/wp-json\/wp\/v2\/types\/post"}],"author":[{"embeddable":true,"href":"https:\/\/vinasfm.com\/noticias\/wp-json\/wp\/v2\/users\/7"}],"replies":[{"embeddable":true,"href":"https:\/\/vinasfm.com\/noticias\/wp-json\/wp\/v2\/comments?post=127228"}],"version-history":[{"count":1,"href":"https:\/\/vinasfm.com\/noticias\/wp-json\/wp\/v2\/posts\/127228\/revisions"}],"predecessor-version":[{"id":127230,"href":"https:\/\/vinasfm.com\/noticias\/wp-json\/wp\/v2\/posts\/127228\/revisions\/127230"}],"wp:featuredmedia":[{"embeddable":true,"href":"https:\/\/vinasfm.com\/noticias\/wp-json\/wp\/v2\/media\/127229"}],"wp:attachment":[{"href":"https:\/\/vinasfm.com\/noticias\/wp-json\/wp\/v2\/media?parent=127228"}],"wp:term":[{"taxonomy":"category","embeddable":true,"href":"https:\/\/vinasfm.com\/noticias\/wp-json\/wp\/v2\/categories?post=127228"},{"taxonomy":"post_tag","embeddable":true,"href":"https:\/\/vinasfm.com\/noticias\/wp-json\/wp\/v2\/tags?post=127228"}],"curies":[{"name":"wp","href":"https:\/\/api.w.org\/{rel}","templated":true}]}}