{"id":127202,"date":"2023-09-18T08:41:27","date_gmt":"2023-09-18T11:41:27","guid":{"rendered":"https:\/\/vinasfm.com\/noticias\/?p=127202"},"modified":"2023-09-18T10:55:16","modified_gmt":"2023-09-18T13:55:16","slug":"nota-de-opinion-daniel-ariosto-y-el-sector-productivo","status":"publish","type":"post","link":"https:\/\/vinasfm.com\/noticias\/nota-de-opinion-daniel-ariosto-y-el-sector-productivo\/","title":{"rendered":"NOTA DE OPINI\u00d3N, DANIEL ARIOSTO: \u00bfY EL SECTOR PRODUCTIVO?"},"content":{"rendered":"<p><strong>Las medidas anunciadas por el ministro de Econom\u00eda nacional, Sergio Massa es claro, solo\u00a0buscan fomentar el consumo, intentado en alguna medida,\u00a0contrarrestar el efecto corrosivo de la inflaci\u00f3n.<\/strong><\/p>\n<p>No solo la que venimos arrastrando desde siempre sino y sobre todo, la que se provoc\u00f3 luego de las PASO, disparada fundamentalmente tras la devaluaci\u00f3n del 22% y que se traslad\u00f3 a los precios, la mitad en el \u00edndice de agosto (que super\u00f3 el 12%) y que tambi\u00e9n, ser\u00e1 notable en setiembre.<\/p>\n<p>Todo esto con el tipo de cambio, como precio de referencia, lo que evidencia, queramos o no, que somos una econom\u00eda bimonetaria ya que el valor del d\u00f3lar fija el precio de muchas actividades.<\/p>\n<p>Volviendo a la casi totalidad de las medidas, notamos que buscan fomentar principalmente el consumo lo cual aparece como una acci\u00f3n beneficiosa para los consumidores, ya que reciben un impacto directo, a la hora de hacerse de recursos monetarios para adquirir m\u00e1s bienes, lo que a la larga, genera m\u00e1s y m\u00e1s inflaci\u00f3n.<\/p>\n<p>Esto porque la gente, ahora \u201cbeneficiada\u201d busca deshacerse de los pesos lo antes posible. El pr\u00f3ximo que recibe los pesos busca deshacerse tambi\u00e9n inmediatamente de ellos y as\u00ed, cada uno que los recibe busca desprenderse de la plata (velocidad de circulaci\u00f3n de la moneda) que, al circular tan r\u00e1pido, provoca un efecto similar a la emisi\u00f3n y la inyecci\u00f3n de dinero que esta provoca en la econom\u00eda.<\/p>\n<p>Con este dinero, la gente buscar\u00e1 cubrir necesidades b\u00e1sicas directas, lo que no ha podido hacer por la inflaci\u00f3n desproporcionada, afectando el nivel general de precios.<\/p>\n<p>La disminuci\u00f3n del IVA en productos de primera necesidad produce el mismo efecto: dar m\u00e1s dinero a la gente (alrededor del 20%, a grandes rasgos) para que realice un consumo adicional. Lo mismo sucede con el cr\u00e9dito blando con tasas relativamente beneficiosas y pagaderos a unos meses. Se sugiere que se utilice para pagar res\u00famenes atrasados, lo que liberar\u00e1 cr\u00e9dito en las tarjetas que por supuesto, va a ir destinado al consumo, dado que por su formato, no podr\u00e1 ser destinado al ahorro o a la compra de d\u00f3lares.<\/p>\n<p>Esto provocar\u00e1 un shock de demanda muy fuerte debido a que las clases baja y media se encuentran muy endeudadas y cada vez m\u00e1s limitadas a la hora de cubrir su canasta m\u00ednima. Al recibir dinero, saldr\u00e1n a cubrir necesidades provocadas por la depreciaci\u00f3n de la moneda y falta de poder adquisitivo.<\/p>\n<p>Todo esto impactar\u00e1 en los precios porque la demanda no va a tener correlato en la producci\u00f3n, tambi\u00e9n deprimida, lo que hemos hablado, es causa del crecimiento de la inflaci\u00f3n.<\/p>\n<p>Estas medidas, aunque necesarias, tendr\u00e1n impacto positivo solo en el corto plazo.<\/p>\n<p>Se tratan de parches y m\u00e1s parches que no abordan el problema de fondo, son electoralistas y siguen sin apoyar al sector privado, generador de dinero.<\/p>\n<h2><strong>El comercio exterior<\/strong><\/h2>\n<p>Sacar retenciones a las econom\u00edas regionales tambi\u00e9n era necesario, pero es una ayuda muy m\u00ednima que provocar\u00e1 un efecto m\u00ednimo tambi\u00e9n, en este sector. Dado que hay una distorsi\u00f3n tan grande en el tipo de cambio y lo que recibe el exportador en pesos a la hora de exportar. Pr\u00e1cticamente ya no es negocio para algunos sectores.<\/p>\n<p>Hay tanta restricci\u00f3n para adquirir divisas para importar que ya no es una cuesti\u00f3n de competitividad sino, se convierte en falta de acceso al insumo b\u00e1sico para producir, lo que ha paralizado o llevado a un nivel de actividad \u00ednfimo a un sin n\u00famero de rubros y empresas.<\/p>\n<p>El comercio exterior, totalmente deteriorado, se ha reducido ya a una dimensi\u00f3n preocupante, \u00ednfimo en comparaci\u00f3n con otros pa\u00edses de la regi\u00f3n, llevando a nuestro pa\u00eds a puestos decadentes.<\/p>\n<p>Independientemente de las cuestiones de competitividad del pa\u00eds, la falta de infraestructura, la falta de log\u00edstica y el tipo de cambio afectan a las importaciones y exportaciones en forma negativa. Se redujeron much\u00edsimo las operaciones de comercio exterior y por consiguiente, se redujo much\u00edsimo el ingreso de divisas, a las que solo se accede por transacciones o por la posibilidad de acceder a pr\u00e9stamos, inalcanzables por las tasas que se cobran por la situaci\u00f3n nacional.<\/p>\n<h2><strong>\u00bfY el sector productivo?<\/strong><\/h2>\n<p>Una vez m\u00e1s, se toma el camino m\u00e1s r\u00e1pido y comprobadamente ineficaz.<\/p>\n<p>No se brindan medidas que fomenten la industria, el comercio o el desarrollo de los servicios.<\/p>\n<p>Si bien para el peque\u00f1o empresario (monotributista), asfixiado y casi \u201cen las \u00faltimas\u201d, se han ofrecido cr\u00e9ditos a tasas subsidiadas, no hay un cambio de rumbo que permita \u00a0volver al sector empresario m\u00e1s rentable, m\u00e1s competitivo, con posibilidades de crecer o generar puestos de trabajo.<\/p>\n<p>El consumo ante la oferta de bienes y servicios que est\u00e1 deprimida, no es m\u00e1s que una soluci\u00f3n a corto plazo.<\/p>\n<p>Necesitamos reformas estructurales. Cambiar la perspectiva y hacer funcionar al pa\u00eds pero desde las empresas. Generando riqueza y trabajo con actividad productiva y as\u00ed, fomentar el comercio exterior como salida factible y rendidora para la llegada de divisas.<\/p>\n<p>Una vez m\u00e1s erramos el camino y dejamos a un lado la oportunidad de fomentar un crecimiento a mediano plazo quiz\u00e1, pero con pasos firmes, construyendo sobre bases s\u00f3lidas.<\/p>\n<p>Queda menos tiempo para cambiar de gesti\u00f3n, ojal\u00e1 las nuevas autoridades entiendan esto y finalmente, apuesten a la empresa.<\/p>\n<p><img decoding=\"async\" class=\"aligncenter\" src=\"https:\/\/mail.google.com\/mail\/u\/0?ui=2&amp;ik=f94bc6ae4e&amp;attid=0.1&amp;permmsgid=msg-f:1777301119196091761&amp;th=18aa3df38c965571&amp;view=fimg&amp;fur=ip&amp;sz=s0-l75-ft&amp;attbid=ANGjdJ_PA82bMICYprlB1nDOUpidF42JkdOr5lFJlwXaZOZaXELsK7VBqzloHQhuvz-gP8YbFWl05e0epoJ8EmfNpOSYXf6x6tBb7PEUnoqn0MRPPdfgF9J_Gq4OeFY&amp;disp=emb&amp;realattid=ii_lmmua62c0\" alt=\"image.png\" \/><\/p>\n","protected":false},"excerpt":{"rendered":"<p>Las medidas anunciadas por el ministro de Econom\u00eda nacional, Sergio Massa es claro, solo\u00a0buscan fomentar el consumo, intentado en alguna medida,\u00a0contrarrestar &#8230;<\/p>\n","protected":false},"author":7,"featured_media":116605,"comment_status":"open","ping_status":"open","sticky":false,"template":"","format":"standard","meta":{"footnotes":""},"categories":[5,42],"tags":[],"class_list":["post-127202","post","type-post","status-publish","format-standard","has-post-thumbnail","hentry","category-actualidad","category-opinion"],"_links":{"self":[{"href":"https:\/\/vinasfm.com\/noticias\/wp-json\/wp\/v2\/posts\/127202","targetHints":{"allow":["GET"]}}],"collection":[{"href":"https:\/\/vinasfm.com\/noticias\/wp-json\/wp\/v2\/posts"}],"about":[{"href":"https:\/\/vinasfm.com\/noticias\/wp-json\/wp\/v2\/types\/post"}],"author":[{"embeddable":true,"href":"https:\/\/vinasfm.com\/noticias\/wp-json\/wp\/v2\/users\/7"}],"replies":[{"embeddable":true,"href":"https:\/\/vinasfm.com\/noticias\/wp-json\/wp\/v2\/comments?post=127202"}],"version-history":[{"count":1,"href":"https:\/\/vinasfm.com\/noticias\/wp-json\/wp\/v2\/posts\/127202\/revisions"}],"predecessor-version":[{"id":127203,"href":"https:\/\/vinasfm.com\/noticias\/wp-json\/wp\/v2\/posts\/127202\/revisions\/127203"}],"wp:featuredmedia":[{"embeddable":true,"href":"https:\/\/vinasfm.com\/noticias\/wp-json\/wp\/v2\/media\/116605"}],"wp:attachment":[{"href":"https:\/\/vinasfm.com\/noticias\/wp-json\/wp\/v2\/media?parent=127202"}],"wp:term":[{"taxonomy":"category","embeddable":true,"href":"https:\/\/vinasfm.com\/noticias\/wp-json\/wp\/v2\/categories?post=127202"},{"taxonomy":"post_tag","embeddable":true,"href":"https:\/\/vinasfm.com\/noticias\/wp-json\/wp\/v2\/tags?post=127202"}],"curies":[{"name":"wp","href":"https:\/\/api.w.org\/{rel}","templated":true}]}}