{"id":127189,"date":"2023-09-18T09:28:55","date_gmt":"2023-09-18T12:28:55","guid":{"rendered":"https:\/\/vinasfm.com\/noticias\/?p=127189"},"modified":"2023-09-18T10:25:23","modified_gmt":"2023-09-18T13:25:23","slug":"comenzo-la-temporada-de-riego-con-grandes-expectativas","status":"publish","type":"post","link":"https:\/\/vinasfm.com\/noticias\/comenzo-la-temporada-de-riego-con-grandes-expectativas\/","title":{"rendered":"EL INGENIERO MART\u00cdN HIDALGO SE REFIRI\u00d3 A LA TEMPORADA DE RIEGO Y SOSTUVO QUE HAY GRANDES EXPECTATIVAS"},"content":{"rendered":"<p><span style=\"color: #000000;\"><strong>Con un inicio mucho m\u00e1s tranquilo comenz\u00f3 la temporada de riego y con ella la defensa pasiva de heladas. <\/strong><\/span><\/p>\n<p><span style=\"color: #000000;\">El Ing. Mart\u00edn Hidalgo explic\u00f3 que el comienzo positivo de la temporada se debe a que <strong><em>\u201clas inspecciones ya han realizado un trabajo de antemano, adem\u00e1s se est\u00e1 realizando un fin de corta progresivo acorde a las necesidades de las inspecciones\u201d.<\/em><\/strong> Es de destacar que <strong><em>\u201ctenemos la suerte de que en el 2022 se logr\u00f3 mejorar el nivel de los embalses y este a\u00f1o, aunque comenzaron tarde, tuvimos nevadas muy importantes\u201d.<\/em><\/strong><\/span><\/p>\n<p><span style=\"color: #000000;\">En cuanto a las obras realizadas se\u00f1al\u00f3; <strong><em>\u201cSe hizo una gran inversi\u00f3n en la impermeabilizaci\u00f3n de cauces, en algunas lamentablemente no se pudo trabajar debido a la realidad econ\u00f3mica y la constante modificaci\u00f3n de precios. La gran mayor\u00eda de estas obras son fundamentales para los regantes\u00a0 ya que, si bien el Rio Atuel tiene una de las redes impermeabilizadas m\u00e1s grandes de Mendoza, es importante evitar toda perdida\u201d.<\/em><\/strong><\/span><\/p>\n<p><span style=\"color: #000000;\">Por otro lado, Hidalgo hizo hincapi\u00e9 en que <strong><em>\u201cdebido a la gran sequia que ha azotado a la provincia durante los \u00faltimos a\u00f1os, no toda la nieve precipitada se va a traducir en un derrame en los embalses ya que los acu\u00edferos est\u00e1n muy sedientos\u201d.<\/em><\/strong> \u00a0El R\u00edo Atuel fue pionero en mostrar las problem\u00e1ticas de la segu\u00eda, esto se debe a que la porci\u00f3n de la Cordillera que corresponde al Sur Provincial es mucho menor a la del resto de las cuencas, por lo tanto el Atuel tiene un aporte mucho menor.<\/span><\/p>\n<h2><span style=\"color: #000000;\">\u00bfC\u00f3mo se mide el derrame de nieve en los r\u00edos?<\/span><\/h2>\n<p><img loading=\"lazy\" decoding=\"async\" class=\"\" src=\"https:\/\/www.irrigacion.gov.ar\/web\/wp-content\/uploads\/2023\/09\/cateo-2023-Diamante-horizontal2.png\" width=\"402\" height=\"226\" \/> <img loading=\"lazy\" decoding=\"async\" class=\"\" src=\"https:\/\/www.irrigacion.gov.ar\/web\/wp-content\/uploads\/2023\/09\/cateo-2023-Diamante-horizontal-7.png\" width=\"402\" height=\"226\" \/><\/p>\n<p>&nbsp;<\/p>\n<p><span style=\"color: #000000;\">El Ing. Mart\u00edn Hidalgo explic\u00f3 que <strong><em>\u201cIrrigaci\u00f3n tiene estaciones <\/em><\/strong><strong><em>meteorol\u00f3gicas en donde, por medio de balanzas, se pesa la nieve y ese valor es equivalente a los mil\u00edmetros de aporte\u201d.<\/em><\/strong> Adem\u00e1s, agreg\u00f3 \u00a0que <strong><em>\u201ctodos los a\u00f1os se toman muestras de la nieve y medir su densidad, en base a esos datos se realiza una estimaci\u00f3n en cuanto puede ser el derrame que fluir\u00e1 al embalse\u201d.<\/em><\/strong> \u00a0<\/span><\/p>\n<p><span style=\"color: #000000;\">Hace algunos d\u00edas se conoci\u00f3 que \u00a0el Departamento General de Irrigaci\u00f3n inici\u00f3 la campa\u00f1a de cateo de invierno, para arribar al Pron\u00f3stico de Caudales de los r\u00edos de Mendoza para la temporada 2022-2023 que dar\u00e1 a conocer a comienzos de octubre.<\/span><\/p>\n<p><span style=\"color: #000000;\">Los<strong> registros muestran que todas las cuencas de la Provincia han alcanzado los valores de a\u00f1os medios, <\/strong>En vista a esta situaci\u00f3n que se presenta en la monta\u00f1a,\u00a0<strong>se esperan mayores escurrimientos, o sea, mayores caudales de agua en los r\u00edos<\/strong>, aunque despu\u00e9s de terminada la campa\u00f1a de invierno y de hacer los estudios estad\u00edsticos, Irrigaci\u00f3n podr\u00e1 pronosticar el nivel que alcanzar\u00e1n los caudales en la temporada 2023\/2024.<\/span><\/p>\n<h6><\/h6>\n","protected":false},"excerpt":{"rendered":"<p>Con un inicio mucho m\u00e1s tranquilo comenz\u00f3 la temporada de riego y con ella la defensa pasiva de heladas. El Ing. &#8230;<\/p>\n","protected":false},"author":7,"featured_media":127209,"comment_status":"open","ping_status":"open","sticky":false,"template":"","format":"standard","meta":{"footnotes":""},"categories":[1],"tags":[],"class_list":["post-127189","post","type-post","status-publish","format-standard","has-post-thumbnail","hentry","category-fmvinas"],"_links":{"self":[{"href":"https:\/\/vinasfm.com\/noticias\/wp-json\/wp\/v2\/posts\/127189","targetHints":{"allow":["GET"]}}],"collection":[{"href":"https:\/\/vinasfm.com\/noticias\/wp-json\/wp\/v2\/posts"}],"about":[{"href":"https:\/\/vinasfm.com\/noticias\/wp-json\/wp\/v2\/types\/post"}],"author":[{"embeddable":true,"href":"https:\/\/vinasfm.com\/noticias\/wp-json\/wp\/v2\/users\/7"}],"replies":[{"embeddable":true,"href":"https:\/\/vinasfm.com\/noticias\/wp-json\/wp\/v2\/comments?post=127189"}],"version-history":[{"count":6,"href":"https:\/\/vinasfm.com\/noticias\/wp-json\/wp\/v2\/posts\/127189\/revisions"}],"predecessor-version":[{"id":127227,"href":"https:\/\/vinasfm.com\/noticias\/wp-json\/wp\/v2\/posts\/127189\/revisions\/127227"}],"wp:featuredmedia":[{"embeddable":true,"href":"https:\/\/vinasfm.com\/noticias\/wp-json\/wp\/v2\/media\/127209"}],"wp:attachment":[{"href":"https:\/\/vinasfm.com\/noticias\/wp-json\/wp\/v2\/media?parent=127189"}],"wp:term":[{"taxonomy":"category","embeddable":true,"href":"https:\/\/vinasfm.com\/noticias\/wp-json\/wp\/v2\/categories?post=127189"},{"taxonomy":"post_tag","embeddable":true,"href":"https:\/\/vinasfm.com\/noticias\/wp-json\/wp\/v2\/tags?post=127189"}],"curies":[{"name":"wp","href":"https:\/\/api.w.org\/{rel}","templated":true}]}}