{"id":127141,"date":"2023-09-16T20:08:10","date_gmt":"2023-09-16T23:08:10","guid":{"rendered":"https:\/\/vinasfm.com\/noticias\/?p=127141"},"modified":"2023-09-18T10:15:34","modified_gmt":"2023-09-18T13:15:34","slug":"fallecio-el-empresario-local-hector-moncada","status":"publish","type":"post","link":"https:\/\/vinasfm.com\/noticias\/fallecio-el-empresario-local-hector-moncada\/","title":{"rendered":"FALLECI\u00d3 EL EMPRESARIO LOCAL HECTOR MONCADA"},"content":{"rendered":"<p><strong><span style=\"color: #000000;\">La noticia fue confirmada por su hijo en la tarde del s\u00e1bado.<\/span><\/strong><\/p>\n<p><span style=\"color: #000000;\">El empresario hab\u00eda sido trasladado a un hospital capitalino en d\u00f3nde se le realizaban estudios de rigor.<\/span><\/p>\n<p><span style=\"color: #000000;\">Seg\u00fan se pudo conocer, Moncada padec\u00eda pancreatitis y c\u00e1lculos en la ves\u00edcula.<\/span><\/p>\n<p><img loading=\"lazy\" decoding=\"async\" class=\"\" src=\"https:\/\/scontent.fmdz10-1.fna.fbcdn.net\/v\/t39.30808-6\/379885251_10231514975718224_7566480190432463123_n.jpg?_nc_cat=103&amp;ccb=1-7&amp;_nc_sid=49d041&amp;_nc_ohc=ZYHm75NBx6YAX_NZCvr&amp;_nc_ht=scontent.fmdz10-1.fna&amp;cb_e2o_trans=t&amp;oh=00_AfB_Bn4lysAVlB9-kVZGEqFAstb7OV8yPywClVk5NeBjMQ&amp;oe=650D86C8\" alt=\"Puede ser una imagen de una o varias personas y texto\" width=\"437\" height=\"395\" \/><\/p>\n<p><span style=\"color: #000000;\">Desde FM VI\u00d1AS enviamos nuestras condolencias toda su familia y allegados.<\/span><\/p>\n<p><span style=\"color: #000000;\">A ra\u00edz de esta dolorosa perdida para la comunidad alvearense, la Liga Alvearense de F\u00fatbol decidi\u00f3 suspender las actividades programadas para el d\u00eda domingo 17 de septiembre. \u00a0<\/span><\/p>\n<p><img loading=\"lazy\" decoding=\"async\" class=\"\" src=\"https:\/\/scontent.fmdz10-1.fna.fbcdn.net\/v\/t39.30808-6\/376505725_260437676970098_2334971237047727680_n.jpg?stp=dst-jpg_s960x960&amp;_nc_cat=106&amp;ccb=1-7&amp;_nc_sid=5614bc&amp;_nc_ohc=c_-GmAgBzCYAX-OU9rW&amp;_nc_ht=scontent.fmdz10-1.fna&amp;cb_e2o_trans=t&amp;oh=00_AfD_sXDFP99XAXrMVW1kq46EIqtrlyhbhpVv6EBre1E01w&amp;oe=650DECEA\" alt=\"Puede ser una imagen de texto que dice &quot;SUSPENSI\u00d3N DE LA ACTIVIDAD DEL DOMINGO 17\/9 COMUNICADO OFICIAL Debido al luto por el fallecimiento del presidente del Sport Club Pac\u00edfico, H\u00e9ctor Moncada la Liga Alvearense de F\u00fatbol decidi\u00f3 suspender los partidos programados de primera masculina, quinta, sexta divisi\u00f3n, f\u00fatbol infantil y futsal femenino sub 16 del domingo 17\/9. LAF Liga Alvearense de F\u00fatbol&quot;\" width=\"437\" height=\"546\" \/><\/p>\n<p><span style=\"color: #000000;\">\u00a0<\/span><\/p>\n","protected":false},"excerpt":{"rendered":"<p>La noticia fue confirmada por su hijo en la tarde del s\u00e1bado. El empresario hab\u00eda sido trasladado a un hospital capitalino &#8230;<\/p>\n","protected":false},"author":7,"featured_media":127143,"comment_status":"open","ping_status":"open","sticky":false,"template":"","format":"standard","meta":{"footnotes":""},"categories":[5,10],"tags":[],"class_list":["post-127141","post","type-post","status-publish","format-standard","has-post-thumbnail","hentry","category-actualidad","category-destacadas"],"_links":{"self":[{"href":"https:\/\/vinasfm.com\/noticias\/wp-json\/wp\/v2\/posts\/127141","targetHints":{"allow":["GET"]}}],"collection":[{"href":"https:\/\/vinasfm.com\/noticias\/wp-json\/wp\/v2\/posts"}],"about":[{"href":"https:\/\/vinasfm.com\/noticias\/wp-json\/wp\/v2\/types\/post"}],"author":[{"embeddable":true,"href":"https:\/\/vinasfm.com\/noticias\/wp-json\/wp\/v2\/users\/7"}],"replies":[{"embeddable":true,"href":"https:\/\/vinasfm.com\/noticias\/wp-json\/wp\/v2\/comments?post=127141"}],"version-history":[{"count":4,"href":"https:\/\/vinasfm.com\/noticias\/wp-json\/wp\/v2\/posts\/127141\/revisions"}],"predecessor-version":[{"id":127213,"href":"https:\/\/vinasfm.com\/noticias\/wp-json\/wp\/v2\/posts\/127141\/revisions\/127213"}],"wp:featuredmedia":[{"embeddable":true,"href":"https:\/\/vinasfm.com\/noticias\/wp-json\/wp\/v2\/media\/127143"}],"wp:attachment":[{"href":"https:\/\/vinasfm.com\/noticias\/wp-json\/wp\/v2\/media?parent=127141"}],"wp:term":[{"taxonomy":"category","embeddable":true,"href":"https:\/\/vinasfm.com\/noticias\/wp-json\/wp\/v2\/categories?post=127141"},{"taxonomy":"post_tag","embeddable":true,"href":"https:\/\/vinasfm.com\/noticias\/wp-json\/wp\/v2\/tags?post=127141"}],"curies":[{"name":"wp","href":"https:\/\/api.w.org\/{rel}","templated":true}]}}