{"id":127102,"date":"2023-09-14T18:46:51","date_gmt":"2023-09-14T21:46:51","guid":{"rendered":"https:\/\/vinasfm.com\/noticias\/?p=127102"},"modified":"2023-09-14T18:46:51","modified_gmt":"2023-09-14T21:46:51","slug":"se-viene-un-fin-de-semana-con-grandes-eventos-deportivos","status":"publish","type":"post","link":"https:\/\/vinasfm.com\/noticias\/se-viene-un-fin-de-semana-con-grandes-eventos-deportivos\/","title":{"rendered":"SE VIENE UN FIN DE SEMANA CON GRANDES EVENTOS DEPORTIVOS"},"content":{"rendered":"<p><b><span data-contrast=\"auto\">Este viernes habr\u00e1 un Festival de Boxeo y el domingo se desarrollar\u00e1 el Selectivo Regional de danza, ambos tendr\u00e1n como escenario el Polideportivo Deportistas Alvearenses. El Director de Deportes habl\u00f3 en detalle. <\/span><\/b><span data-ccp-props=\"{&quot;201341983&quot;:0,&quot;335559739&quot;:160,&quot;335559740&quot;:259}\">\u00a0<\/span><\/p>\n<p><span data-contrast=\"auto\">En primer lugar, Jorge P\u00e1ez se refiri\u00f3 al Festival de Boxeo que iniciar\u00e1 a las 21:00 horas; <\/span><b><i><span data-contrast=\"auto\">\u201cSon peleas amateurs y profesionales, en Alvear tendremos un gran desempe\u00f1o con la Escuela de Boxeo en donde se viene haciendo una gran tarea con ni\u00f1os y adultos\u201d.<\/span><\/i><\/b><span data-contrast=\"auto\"> El profesor Jos\u00e9 Lorca, a cargo de la Escuela de Boxeo, explic\u00f3 que <\/span><b><i><span data-contrast=\"auto\">\u201cdesde las 21:00 hs iniciaremos con la \u2018Escuela de iniciaci\u00f3n\u2019, cuyo objetivo es instruir a los m\u00e1s j\u00f3venes en el ring\u201d. <\/span><\/i><\/b><span data-ccp-props=\"{&quot;201341983&quot;:0,&quot;335559739&quot;:160,&quot;335559740&quot;:259}\">\u00a0<\/span><\/p>\n<p><span data-contrast=\"auto\">A partir de las 21:30 hs se dar\u00e1 inicio a las peleas amateurs. <\/span><b><i><span data-contrast=\"auto\">\u201cSer\u00e1n 8 peleas de muy buen nivel, en donde hay dos t\u00edtulos provinciales en juego\u201d.<\/span><\/i><\/b><span data-contrast=\"auto\"> Posterior a estos combates, comenzar\u00e1n las peleas profesionales; <\/span><b><i><span data-contrast=\"auto\">\u201cSer\u00e1n doble fondo profesional, ser\u00e1 un espect\u00e1culo muy interesante con encuentros muy prometedores\u201d. <\/span><\/i><\/b><span data-ccp-props=\"{&quot;201341983&quot;:0,&quot;335559739&quot;:160,&quot;335559740&quot;:259}\">\u00a0<\/span><\/p>\n<p><span data-contrast=\"auto\">Las entradas tendr\u00e1n un costo de $1.000 en tribuna y $1.500 en sillas.<\/span><span data-ccp-props=\"{&quot;201341983&quot;:0,&quot;335559739&quot;:160,&quot;335559740&quot;:259}\">\u00a0<\/span><\/p>\n<p><img loading=\"lazy\" decoding=\"async\" class=\"\" src=\"https:\/\/scontent.fuaq1-1.fna.fbcdn.net\/v\/t39.30808-6\/376775467_1814030939055814_3452050434406409069_n.jpg?_nc_cat=101&amp;ccb=1-7&amp;_nc_sid=5614bc&amp;_nc_eui2=AeER7JtgHOmFX15uVcSC3u-MfIgLD5V77q18iAsPlXvurSgnOnT0GUvIcVySC06QtZu1S8qJfmcz6VthsFLlZfNI&amp;_nc_ohc=6ydx-YdszMAAX_oEvw4&amp;_nc_ht=scontent.fuaq1-1.fna&amp;cb_e2o_trans=t&amp;oh=00_AfC3zfNQijt7dBzJfSz1qHTHIlP7PgtYQS0uxwb-rK8iHA&amp;oe=6507D02A\" alt=\"Puede ser una imagen de 2 personas y texto\" width=\"351\" height=\"552\" \/> \u00a0<img loading=\"lazy\" decoding=\"async\" class=\"\" src=\"https:\/\/scontent.fuaq1-1.fna.fbcdn.net\/v\/t39.30808-6\/377262083_1814030979055810_1540079942738340106_n.jpg?_nc_cat=107&amp;ccb=1-7&amp;_nc_sid=5614bc&amp;_nc_eui2=AeG9jKvVSHoQGmYuNFcQDwXGoN_kKB0bpMOg3-QoHRukw-3vCsWFA2JiCOZ9PGsfzAbS6Z1RC_6UyPI1DhqDltej&amp;_nc_ohc=Y0qaHY7bwLwAX_nkCMz&amp;_nc_ht=scontent.fuaq1-1.fna&amp;cb_e2o_trans=t&amp;oh=00_AfDwBlcixRnuOXRVo4vbM91wim1KHe6vSbdAM7b7nUIqdw&amp;oe=6507D475\" alt=\"Puede ser una imagen de 2 personas y texto que dice &quot;GONZALO BAJINAY VS FEDERICO BENITEZ VIERNES V2 15 DE SEPTIEMBRE POLIDEPORTIVO DEPORTISTAS ALVEARENSES&quot;\" width=\"311\" height=\"553\" \/><\/p>\n<p><span data-contrast=\"auto\">Nuevamente, General Alvear ser\u00e1 sede del Selectivo de Danza, <strong><em>\u201cse ha demostrado que hay un gran compromiso en el desarrollo de este evento\u201d<\/em><\/strong>, expres\u00f3 P\u00e1ez. Viviana Giccar\u00eda, quien lleva adelante Alvear Baila, detall\u00f3 que <strong><em>\u201cel Torneo Provincial de Aer\u00f3bica y Danza es organizado por la Secretar\u00eda de Deportes de la Provincia. General Alvear tiene una gran cantidad de academias de baile y clubes, es por eso que somos una sede muy importante para eventos de esta magnitud\u201d.<\/em> <\/strong>En el Selectivo Regional participar\u00e1n bailarines de Malarg\u00fce, San Rafael y General Alvear. <\/span><span data-ccp-props=\"{&quot;201341983&quot;:0,&quot;335559739&quot;:160,&quot;335559740&quot;:259}\">\u00a0<\/span><\/p>\n<p><a href=\"https:\/\/vinasfm.com\/noticias\/wp-content\/uploads\/2023\/09\/WhatsApp-Image-2023-09-14-at-18.39.53.jpeg\"><img loading=\"lazy\" decoding=\"async\" class=\"alignnone size-medium wp-image-127103\" src=\"https:\/\/vinasfm.com\/noticias\/wp-content\/uploads\/2023\/09\/WhatsApp-Image-2023-09-14-at-18.39.53-240x300.jpeg\" alt=\"\" width=\"240\" height=\"300\" srcset=\"https:\/\/vinasfm.com\/noticias\/wp-content\/uploads\/2023\/09\/WhatsApp-Image-2023-09-14-at-18.39.53-240x300.jpeg 240w, https:\/\/vinasfm.com\/noticias\/wp-content\/uploads\/2023\/09\/WhatsApp-Image-2023-09-14-at-18.39.53-819x1024.jpeg 819w, https:\/\/vinasfm.com\/noticias\/wp-content\/uploads\/2023\/09\/WhatsApp-Image-2023-09-14-at-18.39.53-768x960.jpeg 768w, https:\/\/vinasfm.com\/noticias\/wp-content\/uploads\/2023\/09\/WhatsApp-Image-2023-09-14-at-18.39.53-1229x1536.jpeg 1229w, https:\/\/vinasfm.com\/noticias\/wp-content\/uploads\/2023\/09\/WhatsApp-Image-2023-09-14-at-18.39.53.jpeg 1280w\" sizes=\"auto, (max-width: 240px) 100vw, 240px\" \/><\/a><\/p>\n<p><span data-contrast=\"auto\">Si bien la entrada es libre y gratuita se pide la colaboraci\u00f3n con un alimento no perecedero para ayudar a distintas entidades. <\/span><span data-ccp-props=\"{&quot;201341983&quot;:0,&quot;335559739&quot;:160,&quot;335559740&quot;:259}\">\u00a0<\/span><\/p>\n","protected":false},"excerpt":{"rendered":"<p>Este viernes habr\u00e1 un Festival de Boxeo y el domingo se desarrollar\u00e1 el Selectivo Regional de danza, ambos tendr\u00e1n como escenario &#8230;<\/p>\n","protected":false},"author":7,"featured_media":127107,"comment_status":"open","ping_status":"open","sticky":false,"template":"","format":"standard","meta":{"footnotes":""},"categories":[1],"tags":[],"class_list":["post-127102","post","type-post","status-publish","format-standard","has-post-thumbnail","hentry","category-fmvinas"],"_links":{"self":[{"href":"https:\/\/vinasfm.com\/noticias\/wp-json\/wp\/v2\/posts\/127102","targetHints":{"allow":["GET"]}}],"collection":[{"href":"https:\/\/vinasfm.com\/noticias\/wp-json\/wp\/v2\/posts"}],"about":[{"href":"https:\/\/vinasfm.com\/noticias\/wp-json\/wp\/v2\/types\/post"}],"author":[{"embeddable":true,"href":"https:\/\/vinasfm.com\/noticias\/wp-json\/wp\/v2\/users\/7"}],"replies":[{"embeddable":true,"href":"https:\/\/vinasfm.com\/noticias\/wp-json\/wp\/v2\/comments?post=127102"}],"version-history":[{"count":2,"href":"https:\/\/vinasfm.com\/noticias\/wp-json\/wp\/v2\/posts\/127102\/revisions"}],"predecessor-version":[{"id":127109,"href":"https:\/\/vinasfm.com\/noticias\/wp-json\/wp\/v2\/posts\/127102\/revisions\/127109"}],"wp:featuredmedia":[{"embeddable":true,"href":"https:\/\/vinasfm.com\/noticias\/wp-json\/wp\/v2\/media\/127107"}],"wp:attachment":[{"href":"https:\/\/vinasfm.com\/noticias\/wp-json\/wp\/v2\/media?parent=127102"}],"wp:term":[{"taxonomy":"category","embeddable":true,"href":"https:\/\/vinasfm.com\/noticias\/wp-json\/wp\/v2\/categories?post=127102"},{"taxonomy":"post_tag","embeddable":true,"href":"https:\/\/vinasfm.com\/noticias\/wp-json\/wp\/v2\/tags?post=127102"}],"curies":[{"name":"wp","href":"https:\/\/api.w.org\/{rel}","templated":true}]}}