{"id":126972,"date":"2023-09-12T09:11:37","date_gmt":"2023-09-12T12:11:37","guid":{"rendered":"https:\/\/vinasfm.com\/noticias\/?p=126972"},"modified":"2023-09-13T08:21:31","modified_gmt":"2023-09-13T11:21:31","slug":"mas-de-19-000-personas-ya-se-han-inscripto-para-acceder-a-las-viviendas-del-ipv","status":"publish","type":"post","link":"https:\/\/vinasfm.com\/noticias\/mas-de-19-000-personas-ya-se-han-inscripto-para-acceder-a-las-viviendas-del-ipv\/","title":{"rendered":"M\u00c1S DE 19.000 PERSONAS YA SE HAN INSCRIPTO PARA ACCEDER A LAS VIVIENDAS DEL IPV"},"content":{"rendered":"<p><strong>El sistema se hab\u00eda colapsado en la apertura del programa, pero ya est\u00e1 normalizado. Son 2.154 viviendas distribuidas en 12 departamentos. Cu\u00e1les son las bases y condiciones para ingresar.<\/strong><\/p>\n<p>M\u00e1s de 19.000 familias se inscribieron en las primeras horas de apertura para el<b>\u00a0acceso a las 2.154 viviendas del\u00a0<\/b><a href=\"https:\/\/www.losandes.com.ar\/politica\/hoy-abre-la-inscripcion-para-acceder-a-2154-viviendas-del-ipv-cuales-son-los-requisitos\/\" target=\"_blank\" rel=\"noopener\"><b>programa IPV Mi Casa<\/b><\/a><b>.<\/b>\u00a0Si bien el ingreso al sitio web colaps\u00f3 cerca de las 13 de este lunes, cuando se abri\u00f3 el proceso, el sistema ya est\u00e1 normalizado y habr\u00e1 tiempo hasta el pr\u00f3ximo 19 de septiembre para aquellos interesados en la propuesta.<\/p>\n<p>Desde el\u00a0<b>ministerio de Infraestructura\u00a0<\/b>informaron que, en un corte a las 8 de este martes, han sido\u00a0<b>19.110 las personas (familias o individuos)\u00a0<\/b>las que se inscribieron y optaron por uno de los\u00a0<b>61 emprendimientos<\/b>, los cuales est\u00e1n ubicados en zonas urbanas de los departamentos de la\u00a0<b>Capital, Las Heras, Guaymall\u00e9n, Godoy Cruz, Lujan de Cuyo, Maip\u00fa, San Rafael, San Mart\u00edn, Tunuy\u00e1n, General Alvear, Jun\u00edn y Rivadavia.<\/b><\/p>\n<p>Seg\u00fan se\u00f1al\u00f3 el Director de Vivienda departamental, Fabi\u00e1n Gim\u00e9nez, <em><strong>\u201cGeneral Alvear cuanta con 4 proyectos\u201d<\/strong><\/em> y explic\u00f3 que <strong><em>\u201cquienes se inscriban solo podr\u00e1n seleccionar uno de esos proyectos\u201d<\/em><\/strong>. Tres de los proyectos se ubicar\u00e1n en un terreno que se encuentra detr\u00e1s del barrio Faustino Andr\u00e9s (96 viviendas) y el restante colindante al barrio Sanidad (11 viviendas).<\/p>\n<p><b>Mar\u00eda Marta Ontanilla<\/b>, presidenta del\u00a0<b>Instituto Provincial de la Vivienda (IPV<\/b>), inform\u00f3 que que los interesados tendr\u00e1n tiempo de igual manera hasta el 19 de septiembre. En tanto, el sorteo se llevar\u00e1 a cabo el 21 de este mes \u201cen conjunto con el\u00a0<b>Instituto de Juegos y Casino\u201d.<\/b><\/p>\n<p>De hecho, la fecha de cierre fue recordada en el momento de apertura del sistema, en la cual colaps\u00f3 el sitio web por la gran cantidad de personas que se presentaron:<strong><em> \u201cDebido a la alta demanda se ha generado un tr\u00e1fico excesivo en nuestro sitio web. Por lo tanto les recordamos que no es determinante el orden de inscripci\u00f3n sino estar inscripto y tienen tiempo hasta el 19\/09 inclusive\u201d<\/em><\/strong>, marcaron desde la\u00a0<b>cuenta oficial del IPV<\/b>\u00a0en redes sociales.<\/p>\n","protected":false},"excerpt":{"rendered":"<p>El sistema se hab\u00eda colapsado en la apertura del programa, pero ya est\u00e1 normalizado. Son 2.154 viviendas distribuidas en 12 departamentos. &#8230;<\/p>\n","protected":false},"author":7,"featured_media":126751,"comment_status":"open","ping_status":"open","sticky":false,"template":"","format":"standard","meta":{"footnotes":""},"categories":[5,67],"tags":[],"class_list":["post-126972","post","type-post","status-publish","format-standard","has-post-thumbnail","hentry","category-actualidad","category-ipv"],"_links":{"self":[{"href":"https:\/\/vinasfm.com\/noticias\/wp-json\/wp\/v2\/posts\/126972","targetHints":{"allow":["GET"]}}],"collection":[{"href":"https:\/\/vinasfm.com\/noticias\/wp-json\/wp\/v2\/posts"}],"about":[{"href":"https:\/\/vinasfm.com\/noticias\/wp-json\/wp\/v2\/types\/post"}],"author":[{"embeddable":true,"href":"https:\/\/vinasfm.com\/noticias\/wp-json\/wp\/v2\/users\/7"}],"replies":[{"embeddable":true,"href":"https:\/\/vinasfm.com\/noticias\/wp-json\/wp\/v2\/comments?post=126972"}],"version-history":[{"count":5,"href":"https:\/\/vinasfm.com\/noticias\/wp-json\/wp\/v2\/posts\/126972\/revisions"}],"predecessor-version":[{"id":126993,"href":"https:\/\/vinasfm.com\/noticias\/wp-json\/wp\/v2\/posts\/126972\/revisions\/126993"}],"wp:featuredmedia":[{"embeddable":true,"href":"https:\/\/vinasfm.com\/noticias\/wp-json\/wp\/v2\/media\/126751"}],"wp:attachment":[{"href":"https:\/\/vinasfm.com\/noticias\/wp-json\/wp\/v2\/media?parent=126972"}],"wp:term":[{"taxonomy":"category","embeddable":true,"href":"https:\/\/vinasfm.com\/noticias\/wp-json\/wp\/v2\/categories?post=126972"},{"taxonomy":"post_tag","embeddable":true,"href":"https:\/\/vinasfm.com\/noticias\/wp-json\/wp\/v2\/tags?post=126972"}],"curies":[{"name":"wp","href":"https:\/\/api.w.org\/{rel}","templated":true}]}}