{"id":126967,"date":"2023-09-12T09:04:06","date_gmt":"2023-09-12T12:04:06","guid":{"rendered":"https:\/\/vinasfm.com\/noticias\/?p=126967"},"modified":"2023-09-13T08:21:57","modified_gmt":"2023-09-13T11:21:57","slug":"parisi-y-jaque-expusieron-su-plan-de-gobierno-ante-la-camara-de-comercio","status":"publish","type":"post","link":"https:\/\/vinasfm.com\/noticias\/parisi-y-jaque-expusieron-su-plan-de-gobierno-ante-la-camara-de-comercio\/","title":{"rendered":"PARISI Y JAQUE EXPUSIERON SU PLAN DE GOBIERNO ANTE LA CAMARA DE COMERCIO"},"content":{"rendered":"<p><strong>Comercios a cielo abierto, petr\u00f3leo, miner\u00eda en la 7722, el trasvase del R\u00edo Grande al Atuel, mejoras en infraestructura, rutas, Paso Pehuenche y generaci\u00f3n de empleo fueron algunos de los temas que se trataron en la sede de calle Cte. Rodr\u00edguez Este.<\/strong><\/p>\n<p>El candidato a gobernador Omar Parisi se present\u00f3 y cont\u00f3 que trabaj\u00f3 tanto en el sector p\u00fablico como el privado.<\/p>\n<p>Luego enumer\u00f3 los barrios que construy\u00f3 en su gesti\u00f3n al frente del IPV en el departamento. Luego analiz\u00f3 la situaci\u00f3n de la provincia: <strong><em>\u00abNo hay desarrollo econ\u00f3mico de ning\u00fan tipo y por eso debemos activar r\u00e1pidamente la econom\u00eda de la provincia, nuestro compromiso es construir 16 mil viviendas, y vean que el sorteo que se puso en marcha hoy no inclu\u00eda ninguna casa para Malarg\u00fce\u00bb<\/em><\/strong>, analiz\u00f3. El valor de pagar cada casa debe ser similar al que se paga en un alquiler explic\u00f3 Parisi y se explay\u00f3 sobre c\u00f3mo lo financiar\u00e1. Tambi\u00e9n expuso su plan de regularizaci\u00f3n dominial para facilitar la escritura de las propiedades, as\u00ed como el sistema de garant\u00edas de alquiler desde el Estado provincial.<\/p>\n<p>Consultado por Portezuelo del Viento, Parisi se comprometi\u00f3 a avanzar en Portezuelo \u00abchico\u00bb y el trasvase del R\u00edo Grande al Atuel. <strong><em>\u00abEl dinero fue fijado por ley para eso y vamos a recuperar hect\u00e1reas en los departamentos del sur que hoy no tienen producci\u00f3n por no tener acceso al agua\u00bb<\/em><\/strong>, analiz\u00f3.<br \/>\nTambi\u00e9n volvi\u00f3 a insistir en que no es necesario utilizar fondos de Portezuelo para la obra de El Baqueano.<\/p>\n<p><em><strong>\u00abEl Paso Pehuenche es una prioridad hay que buscar tambi\u00e9n inversi\u00f3n privada para poder tener tr\u00e1nsito y carga pesada de forma m\u00e1s aceitada\u00bb<\/strong><\/em>, opin\u00f3 Parisi.<\/p>\n<p>Por otro lado analiz\u00f3 que \u00ab<em><strong>Malarg\u00fce tiene tres emprendimientos viables en la 7722 y hay que avanzar en ello. Y queremos que las regal\u00edas se reinviertan en el departamento que produzca\u00bb.<\/strong><\/em><\/p>\n<p><a href=\"https:\/\/vinasfm.com\/noticias\/wp-content\/uploads\/2023\/09\/WhatsApp-Image-2023-09-11-at-22.46.24.jpeg\"><img loading=\"lazy\" decoding=\"async\" class=\"alignnone wp-image-126970\" src=\"https:\/\/vinasfm.com\/noticias\/wp-content\/uploads\/2023\/09\/WhatsApp-Image-2023-09-11-at-22.46.24-1024x682.jpeg\" alt=\"\" width=\"350\" height=\"233\" srcset=\"https:\/\/vinasfm.com\/noticias\/wp-content\/uploads\/2023\/09\/WhatsApp-Image-2023-09-11-at-22.46.24-1024x682.jpeg 1024w, https:\/\/vinasfm.com\/noticias\/wp-content\/uploads\/2023\/09\/WhatsApp-Image-2023-09-11-at-22.46.24-300x200.jpeg 300w, https:\/\/vinasfm.com\/noticias\/wp-content\/uploads\/2023\/09\/WhatsApp-Image-2023-09-11-at-22.46.24-768x512.jpeg 768w, https:\/\/vinasfm.com\/noticias\/wp-content\/uploads\/2023\/09\/WhatsApp-Image-2023-09-11-at-22.46.24-1536x1023.jpeg 1536w, https:\/\/vinasfm.com\/noticias\/wp-content\/uploads\/2023\/09\/WhatsApp-Image-2023-09-11-at-22.46.24.jpeg 1600w\" sizes=\"auto, (max-width: 350px) 100vw, 350px\" \/><\/a> <a href=\"https:\/\/vinasfm.com\/noticias\/wp-content\/uploads\/2023\/09\/WhatsApp-Image-2023-09-11-at-22.46.26.jpeg\"><img loading=\"lazy\" decoding=\"async\" class=\"alignnone wp-image-126969\" src=\"https:\/\/vinasfm.com\/noticias\/wp-content\/uploads\/2023\/09\/WhatsApp-Image-2023-09-11-at-22.46.26-1024x682.jpeg\" alt=\"\" width=\"350\" height=\"233\" srcset=\"https:\/\/vinasfm.com\/noticias\/wp-content\/uploads\/2023\/09\/WhatsApp-Image-2023-09-11-at-22.46.26-1024x682.jpeg 1024w, https:\/\/vinasfm.com\/noticias\/wp-content\/uploads\/2023\/09\/WhatsApp-Image-2023-09-11-at-22.46.26-300x200.jpeg 300w, https:\/\/vinasfm.com\/noticias\/wp-content\/uploads\/2023\/09\/WhatsApp-Image-2023-09-11-at-22.46.26-768x512.jpeg 768w, https:\/\/vinasfm.com\/noticias\/wp-content\/uploads\/2023\/09\/WhatsApp-Image-2023-09-11-at-22.46.26-1536x1023.jpeg 1536w, https:\/\/vinasfm.com\/noticias\/wp-content\/uploads\/2023\/09\/WhatsApp-Image-2023-09-11-at-22.46.26.jpeg 1600w\" sizes=\"auto, (max-width: 350px) 100vw, 350px\" \/><\/a><\/p>\n<p>Por \u00faltimo habl\u00f3 de su plan para el desarrollo de la ganader\u00eda en la provincia con la posibilidad de generar zonas de forraje, aumentar la producci\u00f3n y armar un fideicomiso que beneficie a todos los integrantes. <em><strong>\u00abEl 82% de la carne que consumimos viene de afuera, hay un potencial enorme para tener carne m\u00e1s accesible y desarrollo local\u00bb<\/strong><\/em>, resumi\u00f3 el candidato.<\/p>\n<p>En su tiempo de exposici\u00f3n el candidato a intendente del Frente Eleg\u00ed, Celso Jaque, apunt\u00f3 directamente a la falta de gesti\u00f3n del municipio y tambi\u00e9n dijo que el departamento perdi\u00f3 el rumbo del desarrollo sostenible. <em><strong>\u00abLo primero que har\u00eda es asignar de forma adecuada los recursos y facilitar \u00e1mbitos para planificar de forma estrat\u00e9gica cual ser\u00e1 el destino com\u00fan para reactivar la econom\u00eda. Uno de los ejes centrales debe ser el turismo, sin dejar de lado otras alternativas\u00bb<\/strong><\/em>, coment\u00f3 el candidato a intendente.<\/p>\n<p>Habl\u00f3 adem\u00e1s de la necesidad de generar mano de obra calificada para actividades a impulsar en la zona como la del petr\u00f3leo.<\/p>\n<p>El aprovechamiento del R\u00edo Grande tambi\u00e9n estuvo en la exposici\u00f3n de Jaque. <em><strong>\u00abHay que velar para que parte de los recursos sigan estando en Malarg\u00fce y podamos tener el gasoducto de Papagayos y la energ\u00eda que falta en alg\u00fan sitio lugares como Las Loicas, por ejemplo\u00bb<\/strong><\/em>, enfatiz\u00f3 el dirigente malarg\u00fcino.<\/p>\n<p>Jaque tambi\u00e9n habl\u00f3 sobre los emprendedores y dijo: <em><strong>\u00abFui el promotor del proyecto de la incubadora de empresas y hoy no est\u00e1 cumpliendo la funci\u00f3n para la cual se la cre\u00f3, ya que los proyectos no avanzan y se dej\u00f3 de lado la capacitaci\u00f3n\u00bb.<\/strong><\/em><\/p>\n","protected":false},"excerpt":{"rendered":"<p>Comercios a cielo abierto, petr\u00f3leo, miner\u00eda en la 7722, el trasvase del R\u00edo Grande al Atuel, mejoras en infraestructura, rutas, Paso &#8230;<\/p>\n","protected":false},"author":7,"featured_media":126968,"comment_status":"open","ping_status":"open","sticky":false,"template":"","format":"standard","meta":{"footnotes":""},"categories":[5,7],"tags":[],"class_list":["post-126967","post","type-post","status-publish","format-standard","has-post-thumbnail","hentry","category-actualidad","category-politica"],"_links":{"self":[{"href":"https:\/\/vinasfm.com\/noticias\/wp-json\/wp\/v2\/posts\/126967","targetHints":{"allow":["GET"]}}],"collection":[{"href":"https:\/\/vinasfm.com\/noticias\/wp-json\/wp\/v2\/posts"}],"about":[{"href":"https:\/\/vinasfm.com\/noticias\/wp-json\/wp\/v2\/types\/post"}],"author":[{"embeddable":true,"href":"https:\/\/vinasfm.com\/noticias\/wp-json\/wp\/v2\/users\/7"}],"replies":[{"embeddable":true,"href":"https:\/\/vinasfm.com\/noticias\/wp-json\/wp\/v2\/comments?post=126967"}],"version-history":[{"count":1,"href":"https:\/\/vinasfm.com\/noticias\/wp-json\/wp\/v2\/posts\/126967\/revisions"}],"predecessor-version":[{"id":126971,"href":"https:\/\/vinasfm.com\/noticias\/wp-json\/wp\/v2\/posts\/126967\/revisions\/126971"}],"wp:featuredmedia":[{"embeddable":true,"href":"https:\/\/vinasfm.com\/noticias\/wp-json\/wp\/v2\/media\/126968"}],"wp:attachment":[{"href":"https:\/\/vinasfm.com\/noticias\/wp-json\/wp\/v2\/media?parent=126967"}],"wp:term":[{"taxonomy":"category","embeddable":true,"href":"https:\/\/vinasfm.com\/noticias\/wp-json\/wp\/v2\/categories?post=126967"},{"taxonomy":"post_tag","embeddable":true,"href":"https:\/\/vinasfm.com\/noticias\/wp-json\/wp\/v2\/tags?post=126967"}],"curies":[{"name":"wp","href":"https:\/\/api.w.org\/{rel}","templated":true}]}}