{"id":126956,"date":"2023-09-11T12:15:30","date_gmt":"2023-09-11T15:15:30","guid":{"rendered":"https:\/\/vinasfm.com\/noticias\/?p=126956"},"modified":"2023-09-13T08:22:22","modified_gmt":"2023-09-13T11:22:22","slug":"nestor-ortega-los-vecinos-de-alvear-entienden-que-no-los-escuchan","status":"publish","type":"post","link":"https:\/\/vinasfm.com\/noticias\/nestor-ortega-los-vecinos-de-alvear-entienden-que-no-los-escuchan\/","title":{"rendered":"N\u00c9STOR ORTEGA: \u00abLOS VECINOS DE ALVEAR ENTIENDEN QUE NO LOS ESCUCHAN\u00bb."},"content":{"rendered":"<p><strong>En v\u00edsperas de una nueva jornada electoral, los diferentes candidatos realizan sus campa\u00f1as. En di\u00e1logo con FM VI\u00d1AS, el candidato a concejal por la Uni\u00f3n Mendocina, N\u00e9stor Ortega; destac\u00f3 la importancia de mirar cara a cara a la gente.<\/strong><\/p>\n<p>Ortega mencion\u00f3 la diferencia con otras campa\u00f1as, la gente pide reuniones con menos gente, en donde se escuche al candidato, es lo que les interesa a cuando nos convoca. <em><strong>\u00abEstamos trabajando fuertemente en eso, estamos recorriendo las calles, quedan 16 d\u00edas de campa\u00f1a, d\u00edas arduos, d\u00edas de mucho recorrido por todo el departamento, pero estamos tranquilos porque llevamos a\u00a0 una persona honesta, transparente, un candidato muy trabajador (en referencia a Javier L\u00f3pez)\u00bb.<\/strong><\/em><\/p>\n<p>El candidato coment\u00f3 que la estrategia de Omar De Marchi, candidato a Gobernador de Mendoza, es pensar en la Provincia, en los problemas estructurales como lo son salud, seguridad, educaci\u00f3n. Adem\u00e1s, mencion\u00f3 que la Uni\u00f3n Mendocina no pertenece a un solo sector de la pol\u00edtica, <em><strong>\u00absomos una uni\u00f3n de 23 agrupaciones, lo que hace que haya una pluralidad de conceptos y pensamientos\u00bb.<\/strong><\/em><\/p>\n<p><em><strong>\u00abEl concejal debe ser un gestor, independientemente del partido pol\u00edtico, tenemos que apoyar al gobierno provincial sea quien sea, tenemos que salir a buscar m\u00e1s cosas para general Alvear\u00bb.<\/strong><\/em><\/p>\n<p>\u00abWiwi\u00bb Ortega destac\u00f3 la importancia de la seguridad en el departamento, si bien son temas que exceden al Concejo Deliberante, mencion\u00f3 que cada uno de ellos debe nutrirse, a trav\u00e9s del dialogo, de problemas para traer soluciones.<\/p>\n","protected":false},"excerpt":{"rendered":"<p>En v\u00edsperas de una nueva jornada electoral, los diferentes candidatos realizan sus campa\u00f1as. En di\u00e1logo con FM VI\u00d1AS, el candidato a &#8230;<\/p>\n","protected":false},"author":7,"featured_media":126964,"comment_status":"open","ping_status":"open","sticky":false,"template":"","format":"standard","meta":{"footnotes":""},"categories":[5,7],"tags":[],"class_list":["post-126956","post","type-post","status-publish","format-standard","has-post-thumbnail","hentry","category-actualidad","category-politica"],"_links":{"self":[{"href":"https:\/\/vinasfm.com\/noticias\/wp-json\/wp\/v2\/posts\/126956","targetHints":{"allow":["GET"]}}],"collection":[{"href":"https:\/\/vinasfm.com\/noticias\/wp-json\/wp\/v2\/posts"}],"about":[{"href":"https:\/\/vinasfm.com\/noticias\/wp-json\/wp\/v2\/types\/post"}],"author":[{"embeddable":true,"href":"https:\/\/vinasfm.com\/noticias\/wp-json\/wp\/v2\/users\/7"}],"replies":[{"embeddable":true,"href":"https:\/\/vinasfm.com\/noticias\/wp-json\/wp\/v2\/comments?post=126956"}],"version-history":[{"count":2,"href":"https:\/\/vinasfm.com\/noticias\/wp-json\/wp\/v2\/posts\/126956\/revisions"}],"predecessor-version":[{"id":126965,"href":"https:\/\/vinasfm.com\/noticias\/wp-json\/wp\/v2\/posts\/126956\/revisions\/126965"}],"wp:featuredmedia":[{"embeddable":true,"href":"https:\/\/vinasfm.com\/noticias\/wp-json\/wp\/v2\/media\/126964"}],"wp:attachment":[{"href":"https:\/\/vinasfm.com\/noticias\/wp-json\/wp\/v2\/media?parent=126956"}],"wp:term":[{"taxonomy":"category","embeddable":true,"href":"https:\/\/vinasfm.com\/noticias\/wp-json\/wp\/v2\/categories?post=126956"},{"taxonomy":"post_tag","embeddable":true,"href":"https:\/\/vinasfm.com\/noticias\/wp-json\/wp\/v2\/tags?post=126956"}],"curies":[{"name":"wp","href":"https:\/\/api.w.org\/{rel}","templated":true}]}}