{"id":126943,"date":"2023-09-10T00:51:05","date_gmt":"2023-09-10T03:51:05","guid":{"rendered":"https:\/\/vinasfm.com\/noticias\/?p=126943"},"modified":"2023-09-12T09:16:37","modified_gmt":"2023-09-12T12:16:37","slug":"un-grave-accidente-tuvo-lugar-este-fin-de-semana","status":"publish","type":"post","link":"https:\/\/vinasfm.com\/noticias\/un-grave-accidente-tuvo-lugar-este-fin-de-semana\/","title":{"rendered":"UN GRAVE ACCIDENTE TUVO LUGAR ESTE FIN DE SEMANA"},"content":{"rendered":"<p><strong>El siniestro ocurri\u00f3 el d\u00eda s\u00e1bado en horas de la noche, en Ruta 146, Km 283, Monte Coman \u2013 La Horqueta.<\/strong><\/p>\n<p>Producto del mismo, resultaron lesionadas 5 personas (2 adultos y 3 menores). Los mismos fueron trasladados al Hospital Teodoro J Schestakow, arribando cerca de las 22:30 horas.<\/p>\n","protected":false},"excerpt":{"rendered":"<p>El siniestro ocurri\u00f3 el d\u00eda s\u00e1bado en horas de la noche, en Ruta 146, Km 283, Monte Coman \u2013 La Horqueta. &#8230;<\/p>\n","protected":false},"author":7,"featured_media":125434,"comment_status":"open","ping_status":"open","sticky":false,"template":"","format":"standard","meta":{"footnotes":""},"categories":[5,184],"tags":[],"class_list":["post-126943","post","type-post","status-publish","format-standard","has-post-thumbnail","hentry","category-actualidad","category-siniestro-vial"],"_links":{"self":[{"href":"https:\/\/vinasfm.com\/noticias\/wp-json\/wp\/v2\/posts\/126943","targetHints":{"allow":["GET"]}}],"collection":[{"href":"https:\/\/vinasfm.com\/noticias\/wp-json\/wp\/v2\/posts"}],"about":[{"href":"https:\/\/vinasfm.com\/noticias\/wp-json\/wp\/v2\/types\/post"}],"author":[{"embeddable":true,"href":"https:\/\/vinasfm.com\/noticias\/wp-json\/wp\/v2\/users\/7"}],"replies":[{"embeddable":true,"href":"https:\/\/vinasfm.com\/noticias\/wp-json\/wp\/v2\/comments?post=126943"}],"version-history":[{"count":1,"href":"https:\/\/vinasfm.com\/noticias\/wp-json\/wp\/v2\/posts\/126943\/revisions"}],"predecessor-version":[{"id":126944,"href":"https:\/\/vinasfm.com\/noticias\/wp-json\/wp\/v2\/posts\/126943\/revisions\/126944"}],"wp:featuredmedia":[{"embeddable":true,"href":"https:\/\/vinasfm.com\/noticias\/wp-json\/wp\/v2\/media\/125434"}],"wp:attachment":[{"href":"https:\/\/vinasfm.com\/noticias\/wp-json\/wp\/v2\/media?parent=126943"}],"wp:term":[{"taxonomy":"category","embeddable":true,"href":"https:\/\/vinasfm.com\/noticias\/wp-json\/wp\/v2\/categories?post=126943"},{"taxonomy":"post_tag","embeddable":true,"href":"https:\/\/vinasfm.com\/noticias\/wp-json\/wp\/v2\/tags?post=126943"}],"curies":[{"name":"wp","href":"https:\/\/api.w.org\/{rel}","templated":true}]}}