{"id":126929,"date":"2023-09-11T09:17:58","date_gmt":"2023-09-11T12:17:58","guid":{"rendered":"https:\/\/vinasfm.com\/noticias\/?p=126929"},"modified":"2023-09-12T09:15:53","modified_gmt":"2023-09-12T12:15:53","slug":"suarez-anuncio-las-empresas-que-se-haran-cargo-de-potasio-rio-colorado","status":"publish","type":"post","link":"https:\/\/vinasfm.com\/noticias\/suarez-anuncio-las-empresas-que-se-haran-cargo-de-potasio-rio-colorado\/","title":{"rendered":"SUAREZ ANUNCI\u00d3 LAS EMPRESAS QUE SE HAR\u00c1N CARGO DE POTASIO R\u00cdO COLORADO"},"content":{"rendered":"<h4>El gobernador de Mendoza\u00a0Rodolfo Suarez\u00a0anunci\u00f3 quienes ser\u00e1n las empresas que se har\u00e1n cargo de la explotaci\u00f3n de\u00a0<b>Potasio R\u00edo Colorado (PCR)<\/b> en Malarg\u00fce<\/h4>\n<p><em><strong>\u00abLuego del dictamen UBS (Uni\u00f3n de Bancos Suizos), quien realiz\u00f3 el proceso internacional de selecci\u00f3n de un adjudicatario para PRC, y ya cumplida la presentaci\u00f3n de documentaci\u00f3n, anunciamos que la empresa brasilera ARG y la argentina Compa\u00f1\u00eda Minera Aguilar S.A. son las elegidas\u00bb<\/strong><\/em>, comenz\u00f3 un hilo en su cuenta de X el mandatario.<\/p>\n<p><em><strong>\u00abLuego del dictamen UBS (Uni\u00f3n de Bancos Suizos), quien realiz\u00f3 el proceso internacional de selecci\u00f3n de un adjudicatario para PRC, y ya cumplida la presentaci\u00f3n de documentaci\u00f3n, anunciamos que la empresa brasilera ARG y la argentina Compa\u00f1\u00eda Minera Aguilar S.A. son las elegidas\u00bb<\/strong><\/em>, comenz\u00f3 un hilo en su cuenta de X el mandatario.<\/p>\n<p><em><strong>\u00abEl contrato tambi\u00e9n incluye que la provincia retenga el 12% de las acciones maximizando su beneficio, m\u00e1s las regal\u00edas del caso. Se firmar\u00e1 ma\u00f1ana y nos visitaran tres Secretarios de Estado de Brasil, m\u00e1s los directivos de la compa\u00f1\u00eda\u00bb<\/strong><\/em>, continu\u00f3 Suarez.<\/p>\n<p>Tambi\u00e9n agradeci\u00f3 a todos los que participaron y <em><strong>\u00abcreyeron en este proceso, empezando por el resto de los grupos empresarios que compitieron y a los asesores que han trabajado codo a codo con nuestro equipo\u00bb<\/strong><\/em>.<\/p>\n<p>Por \u00faltimo, indic\u00f3 que<em><strong> \u00abhemos logrado un hecho importante en la historia econ\u00f3mica de la provincia y continuaremos trabajando para garantizar la exitosa concreci\u00f3n de este importante proyecto. Todas las actuaciones, incluidos los dict\u00e1menes de Fiscal\u00eda de Estado y USB, ser\u00e1n remitidas a la Legislatura de Mendoza para su ratificaci\u00f3n\u00bb<\/strong><\/em>.<\/p>\n<p>Mendoza recuper\u00f3 el yacimiento que Vale hab\u00eda dejado inactivo en 2013 y tom\u00f3 posesi\u00f3n plena en 2020, luego de arduas negociaciones y el acuerdo de la Legislatura.<\/p>\n<p>La Provincia recuper\u00f3 250 millones de d\u00f3lares en activos, un predio de 80 mil hect\u00e1reas y una mina capaz de abastecer el mercado interno y exportar. Tiene un aeropuerto en condiciones de funcionar y capacidad para que coman y se alojen 3 mil personas.<\/p>\n<p>Por eso, adem\u00e1s de producir, el yacimiento se convertir\u00e1 en un polo de servicios. El costo fiscal para Mendoza fue cero.<\/p>\n<p>Tiene tres actividades centrales: extracci\u00f3n y exportaci\u00f3n sales de potasio, con alta demanda interna y externa; producci\u00f3n de soda Solvay, materia prima para fabricar vidrio, y provisi\u00f3n de servicios para industrias y pymes que operan en el Sur.<\/p>\n<p>&nbsp;<\/p>\n","protected":false},"excerpt":{"rendered":"<p>El gobernador de Mendoza\u00a0Rodolfo Suarez\u00a0anunci\u00f3 quienes ser\u00e1n las empresas que se har\u00e1n cargo de la explotaci\u00f3n de\u00a0Potasio R\u00edo Colorado (PCR) en &#8230;<\/p>\n","protected":false},"author":7,"featured_media":126930,"comment_status":"open","ping_status":"open","sticky":false,"template":"","format":"standard","meta":{"footnotes":""},"categories":[5,10],"tags":[],"class_list":["post-126929","post","type-post","status-publish","format-standard","has-post-thumbnail","hentry","category-actualidad","category-destacadas"],"_links":{"self":[{"href":"https:\/\/vinasfm.com\/noticias\/wp-json\/wp\/v2\/posts\/126929","targetHints":{"allow":["GET"]}}],"collection":[{"href":"https:\/\/vinasfm.com\/noticias\/wp-json\/wp\/v2\/posts"}],"about":[{"href":"https:\/\/vinasfm.com\/noticias\/wp-json\/wp\/v2\/types\/post"}],"author":[{"embeddable":true,"href":"https:\/\/vinasfm.com\/noticias\/wp-json\/wp\/v2\/users\/7"}],"replies":[{"embeddable":true,"href":"https:\/\/vinasfm.com\/noticias\/wp-json\/wp\/v2\/comments?post=126929"}],"version-history":[{"count":1,"href":"https:\/\/vinasfm.com\/noticias\/wp-json\/wp\/v2\/posts\/126929\/revisions"}],"predecessor-version":[{"id":126934,"href":"https:\/\/vinasfm.com\/noticias\/wp-json\/wp\/v2\/posts\/126929\/revisions\/126934"}],"wp:featuredmedia":[{"embeddable":true,"href":"https:\/\/vinasfm.com\/noticias\/wp-json\/wp\/v2\/media\/126930"}],"wp:attachment":[{"href":"https:\/\/vinasfm.com\/noticias\/wp-json\/wp\/v2\/media?parent=126929"}],"wp:term":[{"taxonomy":"category","embeddable":true,"href":"https:\/\/vinasfm.com\/noticias\/wp-json\/wp\/v2\/categories?post=126929"},{"taxonomy":"post_tag","embeddable":true,"href":"https:\/\/vinasfm.com\/noticias\/wp-json\/wp\/v2\/tags?post=126929"}],"curies":[{"name":"wp","href":"https:\/\/api.w.org\/{rel}","templated":true}]}}