{"id":126915,"date":"2023-09-09T11:33:32","date_gmt":"2023-09-09T14:33:32","guid":{"rendered":"https:\/\/vinasfm.com\/noticias\/?p=126915"},"modified":"2023-09-11T10:27:06","modified_gmt":"2023-09-11T13:27:06","slug":"ampros-pidio-dialogo-para-resolver-la-situacion-entre-prepagas-y-medicos","status":"publish","type":"post","link":"https:\/\/vinasfm.com\/noticias\/ampros-pidio-dialogo-para-resolver-la-situacion-entre-prepagas-y-medicos\/","title":{"rendered":"AMPROS PIDI\u00d3 DI\u00c1LOGO PARA RESOLVER LA SITUACI\u00d3N ENTRE PREPAGAS Y M\u00c9DICOS"},"content":{"rendered":"<h4 class=\"description-boxed\">El gremio pidi\u00f3 una mesa de di\u00e1logo urgente para que se normalice la atenci\u00f3n con obras sociales en el \u00e1mbito privado<\/h4>\n<p>La\u00a0<b><a href=\"https:\/\/www.ampros.org.ar\/\" target=\"_blank\" rel=\"noopener\">Asociaci\u00f3n Mendocina de Profesionales de la Salud<\/a><\/b>(Ampros) emiti\u00f3 un comunicado este viernes sobre la situaci\u00f3n de los m\u00e9dico con las obras sociales.<\/p>\n<p>El gremio pidi\u00f3 di\u00e1logo urgente de los m\u00e9dicos con las obras sociales, las prepagas y los efectores privados para mejorar la situaci\u00f3n tanto de los profesionales como de la poblaci\u00f3n que sufre estas medidas implementadas.<\/p>\n<p>\u00abAtento los reclamos de los profesionales de la salud que ejercen tareas en el \u00e1mbito privado y la comunidad mendocina en general, por la falta de acuerdo con obras sociales, medicina prepaga y efectores de salud privados de Mendoza, la Asociaci\u00f3n Mendocina de Profesionales de la Salud solicit\u00f3 que se convoque &#8216;con car\u00e1cter de urgente&#8217; a una audiencia de conciliaci\u00f3n de todos los actores sanitarios mencionados que operan en la Provincia de Mendoza, a fin de formar una mesa de di\u00e1logo e intercambio que permita lograr un acuerdo que ponga fin al conflicto sanitario existente\u00bb.<\/p>\n<p>La secretaria General de Ampros,\u00a0<strong>Claudia Iturbe<\/strong>, sostuvo: \u00abSolicito que tengan presente que esta crisis abarca a todos los profesionales de la salud M\u00e9dicos, Odont\u00f3logos, Bioqu\u00edmicos, Obstetras, Dietistas\/Nutricionistas, Farmac\u00e9uticos, Kinesi\u00f3logos, Fisioterapeutas, Psicopedagogos, Psic\u00f3logos, Fonoaudi\u00f3logos, Trabajadores Sociales y Licenciados en Enfermer\u00eda, de todas las especialidades\u00bb.<\/p>\n<p>A modo enunciativo mencion\u00f3 a Terapia Intensiva, Dermatolog\u00eda, Cirug\u00eda General, Pediatr\u00eda, Neurocirug\u00eda, Obstetricia, Oftalmolog\u00eda, Cardiolog\u00eda, Otorrinolaringolog\u00eda, Endocrinolog\u00eda, Urolog\u00eda, Ortopedia, Traumatolog\u00eda, Gastroenterolog\u00eda, Hepatolog\u00eda, Neurolog\u00eda, Anestesiolog\u00eda, Medicina familiar, Medicina Respiratoria y Neonatolog\u00eda, entre otras.<\/p>\n<p>\u00abLos retrasos en los pagos y la falta de actualizaciones acordes a niveles inflacionarios en los \u00faltimos meses ha dejado a los profesionales de la salud privada, en un grave estado de precarizaci\u00f3n laboral, situaci\u00f3n que ya ha sido denunciada por esta entidad advirtiendo la creciente fuga de talento humano cr\u00edtico, no s\u00f3lo del \u00e1mbito p\u00fablico sino tambi\u00e9n del privado, afectando a toda la comunidad mendocina\u00bb, a\u00f1adi\u00f3 el secretario adjunto de AMProS, doctor\u00a0<strong>Daniel Jim\u00e9nez<\/strong>.<\/p>\n<p>&nbsp;<\/p>\n","protected":false},"excerpt":{"rendered":"<p>El gremio pidi\u00f3 una mesa de di\u00e1logo urgente para que se normalice la atenci\u00f3n con obras sociales en el \u00e1mbito privado &#8230;<\/p>\n","protected":false},"author":7,"featured_media":126916,"comment_status":"open","ping_status":"open","sticky":false,"template":"","format":"standard","meta":{"footnotes":""},"categories":[5,15],"tags":[],"class_list":["post-126915","post","type-post","status-publish","format-standard","has-post-thumbnail","hentry","category-actualidad","category-salud"],"_links":{"self":[{"href":"https:\/\/vinasfm.com\/noticias\/wp-json\/wp\/v2\/posts\/126915","targetHints":{"allow":["GET"]}}],"collection":[{"href":"https:\/\/vinasfm.com\/noticias\/wp-json\/wp\/v2\/posts"}],"about":[{"href":"https:\/\/vinasfm.com\/noticias\/wp-json\/wp\/v2\/types\/post"}],"author":[{"embeddable":true,"href":"https:\/\/vinasfm.com\/noticias\/wp-json\/wp\/v2\/users\/7"}],"replies":[{"embeddable":true,"href":"https:\/\/vinasfm.com\/noticias\/wp-json\/wp\/v2\/comments?post=126915"}],"version-history":[{"count":2,"href":"https:\/\/vinasfm.com\/noticias\/wp-json\/wp\/v2\/posts\/126915\/revisions"}],"predecessor-version":[{"id":126954,"href":"https:\/\/vinasfm.com\/noticias\/wp-json\/wp\/v2\/posts\/126915\/revisions\/126954"}],"wp:featuredmedia":[{"embeddable":true,"href":"https:\/\/vinasfm.com\/noticias\/wp-json\/wp\/v2\/media\/126916"}],"wp:attachment":[{"href":"https:\/\/vinasfm.com\/noticias\/wp-json\/wp\/v2\/media?parent=126915"}],"wp:term":[{"taxonomy":"category","embeddable":true,"href":"https:\/\/vinasfm.com\/noticias\/wp-json\/wp\/v2\/categories?post=126915"},{"taxonomy":"post_tag","embeddable":true,"href":"https:\/\/vinasfm.com\/noticias\/wp-json\/wp\/v2\/tags?post=126915"}],"curies":[{"name":"wp","href":"https:\/\/api.w.org\/{rel}","templated":true}]}}