{"id":126892,"date":"2023-09-09T09:22:07","date_gmt":"2023-09-09T12:22:07","guid":{"rendered":"https:\/\/vinasfm.com\/noticias\/?p=126892"},"modified":"2023-09-11T09:17:57","modified_gmt":"2023-09-11T12:17:57","slug":"tenes-planes-para-el-fin-de-semana-agenda-cultural-8","status":"publish","type":"post","link":"https:\/\/vinasfm.com\/noticias\/tenes-planes-para-el-fin-de-semana-agenda-cultural-8\/","title":{"rendered":"\u00bfTENES PLANES PARA EL FIN DE SEMANA? AGENDA CULTURAL"},"content":{"rendered":"<p><strong>La Directora de Cultura Liana Piedrafita invit\u00f3 a participar de las actividades que ofrece General Alvear<\/strong><\/p>\n<h2>Cartelera del cine<\/h2>\n<h3>Cine 2D<\/h3>\n<ul>\n<li>Sonido de Libertad: 19:30 hs<\/li>\n<li>La Monja: 22:15 hs<\/li>\n<\/ul>\n<p><a href=\"https:\/\/vinasfm.com\/noticias\/wp-content\/uploads\/2023\/09\/WhatsApp-Image-2023-09-08-at-13.05.39.jpeg\"><img loading=\"lazy\" decoding=\"async\" class=\"alignnone wp-image-126897\" src=\"https:\/\/vinasfm.com\/noticias\/wp-content\/uploads\/2023\/09\/WhatsApp-Image-2023-09-08-at-13.05.39-949x1024.jpeg\" alt=\"\" width=\"350\" height=\"378\" srcset=\"https:\/\/vinasfm.com\/noticias\/wp-content\/uploads\/2023\/09\/WhatsApp-Image-2023-09-08-at-13.05.39-949x1024.jpeg 949w, https:\/\/vinasfm.com\/noticias\/wp-content\/uploads\/2023\/09\/WhatsApp-Image-2023-09-08-at-13.05.39-278x300.jpeg 278w, https:\/\/vinasfm.com\/noticias\/wp-content\/uploads\/2023\/09\/WhatsApp-Image-2023-09-08-at-13.05.39-768x829.jpeg 768w, https:\/\/vinasfm.com\/noticias\/wp-content\/uploads\/2023\/09\/WhatsApp-Image-2023-09-08-at-13.05.39-1424x1536.jpeg 1424w, https:\/\/vinasfm.com\/noticias\/wp-content\/uploads\/2023\/09\/WhatsApp-Image-2023-09-08-at-13.05.39.jpeg 1483w\" sizes=\"auto, (max-width: 350px) 100vw, 350px\" \/><\/a><\/p>\n<p>Entradas en boleter\u00eda o por la WEB: <a href=\"https:\/\/cineteatrolafalla.alvearmendoza.gob.ar\/\">https:\/\/cineteatrolafalla.alvearmendoza.gob.ar\/<\/a><\/p>\n<h2>S\u00e1bado 9 de septiembre<\/h2>\n<p>&#8211; D\u00eda Mundial de la Agricultura<br \/>\n&#8211; D\u00eda Internacional para Proteger la Educaci\u00f3n de Ataques<\/p>\n<h3>Actividades<\/h3>\n<ul>\n<li>9h Torneo provincial de Gimnasia Art\u00edstica femenina, nivel 2, en Polideportivo Deportistas Alvearenses<\/li>\n<li>18h En el marco del D\u00eda del inmigrante: proyecci\u00f3n de video y testimonios en vivo en Avenida Sarmiento y Rivadavia. Organiza: Museo del Inmigrante, Direcci\u00f3n de Cultura y Delegaci\u00f3n Municipal.<\/li>\n<\/ul>\n<p><a href=\"https:\/\/vinasfm.com\/noticias\/wp-content\/uploads\/2023\/09\/WhatsApp-Image-2023-09-08-at-13.05.40.jpeg\"><img loading=\"lazy\" decoding=\"async\" class=\"alignnone wp-image-126894\" src=\"https:\/\/vinasfm.com\/noticias\/wp-content\/uploads\/2023\/09\/WhatsApp-Image-2023-09-08-at-13.05.40.jpeg\" alt=\"\" width=\"350\" height=\"351\" srcset=\"https:\/\/vinasfm.com\/noticias\/wp-content\/uploads\/2023\/09\/WhatsApp-Image-2023-09-08-at-13.05.40.jpeg 1597w, https:\/\/vinasfm.com\/noticias\/wp-content\/uploads\/2023\/09\/WhatsApp-Image-2023-09-08-at-13.05.40-300x300.jpeg 300w, https:\/\/vinasfm.com\/noticias\/wp-content\/uploads\/2023\/09\/WhatsApp-Image-2023-09-08-at-13.05.40-1022x1024.jpeg 1022w, https:\/\/vinasfm.com\/noticias\/wp-content\/uploads\/2023\/09\/WhatsApp-Image-2023-09-08-at-13.05.40-150x150.jpeg 150w, https:\/\/vinasfm.com\/noticias\/wp-content\/uploads\/2023\/09\/WhatsApp-Image-2023-09-08-at-13.05.40-768x769.jpeg 768w, https:\/\/vinasfm.com\/noticias\/wp-content\/uploads\/2023\/09\/WhatsApp-Image-2023-09-08-at-13.05.40-1533x1536.jpeg 1533w, https:\/\/vinasfm.com\/noticias\/wp-content\/uploads\/2023\/09\/WhatsApp-Image-2023-09-08-at-13.05.40-360x360.jpeg 360w, https:\/\/vinasfm.com\/noticias\/wp-content\/uploads\/2023\/09\/WhatsApp-Image-2023-09-08-at-13.05.40-750x750.jpeg 750w\" sizes=\"auto, (max-width: 350px) 100vw, 350px\" \/><\/a><\/p>\n<ul>\n<li>19:30h Exposici\u00f3n Art\u00edstica Visual Colectiva: \u00abDesde Nuestras Ra\u00edces\u00bb. Una colecci\u00f3n armada en homenaje al Departamento de General Alvear en Casa Salonia. Organiza: Studio y Taller de Artes Prof. Sonia Torres y Asociaci\u00f3n de Artistas Visuales y Esc\u00e9nicos E\/F &#8211; General Alvear Mendoza.<\/li>\n<\/ul>\n<p><a href=\"https:\/\/vinasfm.com\/noticias\/wp-content\/uploads\/2023\/09\/WhatsApp-Image-2023-09-08-at-13.05.41.jpeg\"><img loading=\"lazy\" decoding=\"async\" class=\"alignnone wp-image-126893\" src=\"https:\/\/vinasfm.com\/noticias\/wp-content\/uploads\/2023\/09\/WhatsApp-Image-2023-09-08-at-13.05.41-1024x994.jpeg\" alt=\"\" width=\"350\" height=\"340\" srcset=\"https:\/\/vinasfm.com\/noticias\/wp-content\/uploads\/2023\/09\/WhatsApp-Image-2023-09-08-at-13.05.41-1024x994.jpeg 1024w, https:\/\/vinasfm.com\/noticias\/wp-content\/uploads\/2023\/09\/WhatsApp-Image-2023-09-08-at-13.05.41-300x291.jpeg 300w, https:\/\/vinasfm.com\/noticias\/wp-content\/uploads\/2023\/09\/WhatsApp-Image-2023-09-08-at-13.05.41-768x745.jpeg 768w, https:\/\/vinasfm.com\/noticias\/wp-content\/uploads\/2023\/09\/WhatsApp-Image-2023-09-08-at-13.05.41-1536x1491.jpeg 1536w, https:\/\/vinasfm.com\/noticias\/wp-content\/uploads\/2023\/09\/WhatsApp-Image-2023-09-08-at-13.05.41.jpeg 1600w\" sizes=\"auto, (max-width: 350px) 100vw, 350px\" \/><\/a><\/p>\n<ul>\n<li>21:30h Mokita en Teatro Antonio Lafalla. Entrada general $2000 en venta por boleter\u00eda y web <a href=\"https:\/\/cineteatrolafalla.alvearmendoza.gob.ar\/\">https:\/\/cineteatrolafalla.alvearmendoza.gob.ar\/<\/a><\/li>\n<\/ul>\n<p><a href=\"https:\/\/vinasfm.com\/noticias\/wp-content\/uploads\/2023\/09\/aba15d0f-4658-40b0-ad31-fd6846bddc8a.jpg\"><img loading=\"lazy\" decoding=\"async\" class=\"alignnone wp-image-126876\" src=\"https:\/\/vinasfm.com\/noticias\/wp-content\/uploads\/2023\/09\/aba15d0f-4658-40b0-ad31-fd6846bddc8a-724x1024.jpg\" alt=\"\" width=\"350\" height=\"495\" srcset=\"https:\/\/vinasfm.com\/noticias\/wp-content\/uploads\/2023\/09\/aba15d0f-4658-40b0-ad31-fd6846bddc8a-724x1024.jpg 724w, https:\/\/vinasfm.com\/noticias\/wp-content\/uploads\/2023\/09\/aba15d0f-4658-40b0-ad31-fd6846bddc8a-212x300.jpg 212w, https:\/\/vinasfm.com\/noticias\/wp-content\/uploads\/2023\/09\/aba15d0f-4658-40b0-ad31-fd6846bddc8a-768x1086.jpg 768w, https:\/\/vinasfm.com\/noticias\/wp-content\/uploads\/2023\/09\/aba15d0f-4658-40b0-ad31-fd6846bddc8a-1086x1536.jpg 1086w, https:\/\/vinasfm.com\/noticias\/wp-content\/uploads\/2023\/09\/aba15d0f-4658-40b0-ad31-fd6846bddc8a.jpg 1131w\" sizes=\"auto, (max-width: 350px) 100vw, 350px\" \/><\/a><\/p>\n<h2>Domingo 10 de septiembre<\/h2>\n<p>&#8211; D\u00eda del Terapista Ocupacional<br \/>\n&#8211; D\u00eda Mundial para la Prevenci\u00f3n del Suicidio<\/p>\n<h3>Actividades<\/h3>\n<ul>\n<li>10h Torneo provincial de Gimnasia Art\u00edstica femenina, nivel 1, en Polideportivo Deportistas Alvearenses.<\/li>\n<li>Rural Bike 2023 Bowen-Carmensa-Bowen. Inscripciones: ruralbowencarmensa.alvearmendoza.gob.ar<br \/>\n&#8211; categor\u00edas promocionales A y B largada 10h<br \/>\n&#8211; categor\u00edas infantiles largada 11:30h<br \/>\n&#8211; largada en Avenida Sarmiento y Rivadavia<\/li>\n<\/ul>\n<p><a href=\"https:\/\/vinasfm.com\/noticias\/wp-content\/uploads\/2023\/09\/WhatsApp-Image-2023-09-08-at-13.05.41-1.jpeg\"><img loading=\"lazy\" decoding=\"async\" class=\"alignnone wp-image-126895\" src=\"https:\/\/vinasfm.com\/noticias\/wp-content\/uploads\/2023\/09\/WhatsApp-Image-2023-09-08-at-13.05.41-1-261x300.jpeg\" alt=\"\" width=\"350\" height=\"402\" srcset=\"https:\/\/vinasfm.com\/noticias\/wp-content\/uploads\/2023\/09\/WhatsApp-Image-2023-09-08-at-13.05.41-1-261x300.jpeg 261w, https:\/\/vinasfm.com\/noticias\/wp-content\/uploads\/2023\/09\/WhatsApp-Image-2023-09-08-at-13.05.41-1-892x1024.jpeg 892w, https:\/\/vinasfm.com\/noticias\/wp-content\/uploads\/2023\/09\/WhatsApp-Image-2023-09-08-at-13.05.41-1-768x882.jpeg 768w, https:\/\/vinasfm.com\/noticias\/wp-content\/uploads\/2023\/09\/WhatsApp-Image-2023-09-08-at-13.05.41-1.jpeg 1087w\" sizes=\"auto, (max-width: 350px) 100vw, 350px\" \/><\/a><\/p>\n<ul>\n<li>19:30h En el marco del Mes de Prevenci\u00f3n de Adicciones, charla-debate con el Productor, Artista y Guionista Gast\u00f3n Pauls en el play\u00f3n del Instituto San Antonio. Entrada libre y gratuita.<\/li>\n<\/ul>\n<p><a href=\"https:\/\/vinasfm.com\/noticias\/wp-content\/uploads\/2023\/09\/WhatsApp-Image-2023-09-08-at-13.05.42.jpeg\"><img loading=\"lazy\" decoding=\"async\" class=\"alignnone wp-image-126896\" src=\"https:\/\/vinasfm.com\/noticias\/wp-content\/uploads\/2023\/09\/WhatsApp-Image-2023-09-08-at-13.05.42-300x300.jpeg\" alt=\"\" width=\"350\" height=\"350\" srcset=\"https:\/\/vinasfm.com\/noticias\/wp-content\/uploads\/2023\/09\/WhatsApp-Image-2023-09-08-at-13.05.42-300x300.jpeg 300w, https:\/\/vinasfm.com\/noticias\/wp-content\/uploads\/2023\/09\/WhatsApp-Image-2023-09-08-at-13.05.42-1024x1024.jpeg 1024w, https:\/\/vinasfm.com\/noticias\/wp-content\/uploads\/2023\/09\/WhatsApp-Image-2023-09-08-at-13.05.42-150x150.jpeg 150w, https:\/\/vinasfm.com\/noticias\/wp-content\/uploads\/2023\/09\/WhatsApp-Image-2023-09-08-at-13.05.42-768x768.jpeg 768w, https:\/\/vinasfm.com\/noticias\/wp-content\/uploads\/2023\/09\/WhatsApp-Image-2023-09-08-at-13.05.42-1536x1536.jpeg 1536w, https:\/\/vinasfm.com\/noticias\/wp-content\/uploads\/2023\/09\/WhatsApp-Image-2023-09-08-at-13.05.42-360x360.jpeg 360w, https:\/\/vinasfm.com\/noticias\/wp-content\/uploads\/2023\/09\/WhatsApp-Image-2023-09-08-at-13.05.42-750x750.jpeg 750w, https:\/\/vinasfm.com\/noticias\/wp-content\/uploads\/2023\/09\/WhatsApp-Image-2023-09-08-at-13.05.42.jpeg 1600w\" sizes=\"auto, (max-width: 350px) 100vw, 350px\" \/><\/a><\/p>\n<p>21:30h Mokita en Teatro Antonio Lafalla. Entrada general $2000 en venta por boleter\u00eda y web https:\/\/cineteatrolafalla.alvearmendoza.gob.ar\/<\/p>\n","protected":false},"excerpt":{"rendered":"<p>La Directora de Cultura Liana Piedrafita invit\u00f3 a participar de las actividades que ofrece General Alvear Cartelera del cine Cine 2D &#8230;<\/p>\n","protected":false},"author":7,"featured_media":126898,"comment_status":"open","ping_status":"open","sticky":false,"template":"","format":"standard","meta":{"footnotes":""},"categories":[1],"tags":[],"class_list":["post-126892","post","type-post","status-publish","format-standard","has-post-thumbnail","hentry","category-fmvinas"],"_links":{"self":[{"href":"https:\/\/vinasfm.com\/noticias\/wp-json\/wp\/v2\/posts\/126892","targetHints":{"allow":["GET"]}}],"collection":[{"href":"https:\/\/vinasfm.com\/noticias\/wp-json\/wp\/v2\/posts"}],"about":[{"href":"https:\/\/vinasfm.com\/noticias\/wp-json\/wp\/v2\/types\/post"}],"author":[{"embeddable":true,"href":"https:\/\/vinasfm.com\/noticias\/wp-json\/wp\/v2\/users\/7"}],"replies":[{"embeddable":true,"href":"https:\/\/vinasfm.com\/noticias\/wp-json\/wp\/v2\/comments?post=126892"}],"version-history":[{"count":3,"href":"https:\/\/vinasfm.com\/noticias\/wp-json\/wp\/v2\/posts\/126892\/revisions"}],"predecessor-version":[{"id":126933,"href":"https:\/\/vinasfm.com\/noticias\/wp-json\/wp\/v2\/posts\/126892\/revisions\/126933"}],"wp:featuredmedia":[{"embeddable":true,"href":"https:\/\/vinasfm.com\/noticias\/wp-json\/wp\/v2\/media\/126898"}],"wp:attachment":[{"href":"https:\/\/vinasfm.com\/noticias\/wp-json\/wp\/v2\/media?parent=126892"}],"wp:term":[{"taxonomy":"category","embeddable":true,"href":"https:\/\/vinasfm.com\/noticias\/wp-json\/wp\/v2\/categories?post=126892"},{"taxonomy":"post_tag","embeddable":true,"href":"https:\/\/vinasfm.com\/noticias\/wp-json\/wp\/v2\/tags?post=126892"}],"curies":[{"name":"wp","href":"https:\/\/api.w.org\/{rel}","templated":true}]}}