{"id":126887,"date":"2023-09-09T09:08:08","date_gmt":"2023-09-09T12:08:08","guid":{"rendered":"https:\/\/vinasfm.com\/noticias\/?p=126887"},"modified":"2023-09-11T09:39:47","modified_gmt":"2023-09-11T12:39:47","slug":"alvear-fue-tomado-como-ejemplo-en-una-jornada-de-eficiencia-energetica-en-san-rafael","status":"publish","type":"post","link":"https:\/\/vinasfm.com\/noticias\/alvear-fue-tomado-como-ejemplo-en-una-jornada-de-eficiencia-energetica-en-san-rafael\/","title":{"rendered":"ALVEAR FUE TOMADO COMO EJEMPLO EN UNA JORNADA DE EFICIENCIA ENERG\u00c9TICA EN SAN RAFAEL"},"content":{"rendered":"<p><strong>El Secretario de Desarrollo y Promoci\u00f3n Departamental Edgardo Sampirisi asisti\u00f3 a la Jornada de Eficiencia Energ\u00e9tica, que tuvo lugar en el vecino Departamento.<\/strong><\/p>\n<p>Alvear particip\u00f3 en la Jornada de Eficiencia energ\u00e9tica y cont\u00f3 su experiencia en la materia.<\/p>\n<p>El municipio alvearense fue invitado por el Instituto de Desarrollo Industrial, Tecnol\u00f3gico y de Servicios, IDITS, para la eficiencia y uso de energ\u00edas renovables volcadas al agro y a distintos estamentos donde sea necesario, explic\u00f3 el funcionario.<\/p>\n<p>Durante la jornada hubo presencia de distintos stands privados y estatales, que se van volcando hacia las energ\u00edas renovables: INTA, Tassaroli SA y el EPRE, para lograr una mejor eficiencia en el consumo de industrias, el agro o la red domiciliaria.<\/p>\n<p><a href=\"https:\/\/vinasfm.com\/noticias\/wp-content\/uploads\/2023\/09\/MG_8512.jpg\"><img loading=\"lazy\" decoding=\"async\" class=\"alignnone size-medium wp-image-126889\" src=\"https:\/\/vinasfm.com\/noticias\/wp-content\/uploads\/2023\/09\/MG_8512-300x169.jpg\" alt=\"\" width=\"300\" height=\"169\" srcset=\"https:\/\/vinasfm.com\/noticias\/wp-content\/uploads\/2023\/09\/MG_8512-300x169.jpg 300w, https:\/\/vinasfm.com\/noticias\/wp-content\/uploads\/2023\/09\/MG_8512-1024x576.jpg 1024w, https:\/\/vinasfm.com\/noticias\/wp-content\/uploads\/2023\/09\/MG_8512-768x432.jpg 768w, https:\/\/vinasfm.com\/noticias\/wp-content\/uploads\/2023\/09\/MG_8512-1536x864.jpg 1536w, https:\/\/vinasfm.com\/noticias\/wp-content\/uploads\/2023\/09\/MG_8512-750x420.jpg 750w, https:\/\/vinasfm.com\/noticias\/wp-content\/uploads\/2023\/09\/MG_8512-1140x641.jpg 1140w, https:\/\/vinasfm.com\/noticias\/wp-content\/uploads\/2023\/09\/MG_8512.jpg 1920w\" sizes=\"auto, (max-width: 300px) 100vw, 300px\" \/><\/a> <a href=\"https:\/\/vinasfm.com\/noticias\/wp-content\/uploads\/2023\/09\/MG_8584.jpg\"><img loading=\"lazy\" decoding=\"async\" class=\"alignnone size-medium wp-image-126890\" src=\"https:\/\/vinasfm.com\/noticias\/wp-content\/uploads\/2023\/09\/MG_8584-300x169.jpg\" alt=\"\" width=\"300\" height=\"169\" srcset=\"https:\/\/vinasfm.com\/noticias\/wp-content\/uploads\/2023\/09\/MG_8584-300x169.jpg 300w, https:\/\/vinasfm.com\/noticias\/wp-content\/uploads\/2023\/09\/MG_8584-1024x576.jpg 1024w, https:\/\/vinasfm.com\/noticias\/wp-content\/uploads\/2023\/09\/MG_8584-768x432.jpg 768w, https:\/\/vinasfm.com\/noticias\/wp-content\/uploads\/2023\/09\/MG_8584-1536x864.jpg 1536w, https:\/\/vinasfm.com\/noticias\/wp-content\/uploads\/2023\/09\/MG_8584-750x420.jpg 750w, https:\/\/vinasfm.com\/noticias\/wp-content\/uploads\/2023\/09\/MG_8584-1140x641.jpg 1140w, https:\/\/vinasfm.com\/noticias\/wp-content\/uploads\/2023\/09\/MG_8584.jpg 1920w\" sizes=\"auto, (max-width: 300px) 100vw, 300px\" \/><\/a><\/p>\n<p><em><strong>\u201cAsist\u00ed con un equipo de trabajo: Pablo Longo, personal de la Incubadora de empresas. Alvear siempre estuvo a la vanguardia y fue tomado como ejemplo, por ser una de las localidades con mayor cantidad de calefones solares, como en San Pedro del Atuel. Tambi\u00e9n por el avance hacia las energ\u00edas renovables, hacia los parques fotovoltaicos, a la eficiencia energ\u00e9tica, por el desarrollo tecnol\u00f3gico que tuvo y que tiene General Alvear, que ser\u00e1 para la futura gesti\u00f3n algo a desarrollar, porque la tecnolog\u00eda, la eficiencia fotovoltaica e h\u00eddrica es lo que nos va a llevar a lograr mejores resultados, tanto en la industria como en el agro\u201d<\/strong><\/em>, concluy\u00f3 Edgardo Sampirisi.<\/p>\n","protected":false},"excerpt":{"rendered":"<p>El Secretario de Desarrollo y Promoci\u00f3n Departamental Edgardo Sampirisi asisti\u00f3 a la Jornada de Eficiencia Energ\u00e9tica, que tuvo lugar en el &#8230;<\/p>\n","protected":false},"author":7,"featured_media":126888,"comment_status":"open","ping_status":"open","sticky":false,"template":"","format":"standard","meta":{"footnotes":""},"categories":[5,10],"tags":[],"class_list":["post-126887","post","type-post","status-publish","format-standard","has-post-thumbnail","hentry","category-actualidad","category-destacadas"],"_links":{"self":[{"href":"https:\/\/vinasfm.com\/noticias\/wp-json\/wp\/v2\/posts\/126887","targetHints":{"allow":["GET"]}}],"collection":[{"href":"https:\/\/vinasfm.com\/noticias\/wp-json\/wp\/v2\/posts"}],"about":[{"href":"https:\/\/vinasfm.com\/noticias\/wp-json\/wp\/v2\/types\/post"}],"author":[{"embeddable":true,"href":"https:\/\/vinasfm.com\/noticias\/wp-json\/wp\/v2\/users\/7"}],"replies":[{"embeddable":true,"href":"https:\/\/vinasfm.com\/noticias\/wp-json\/wp\/v2\/comments?post=126887"}],"version-history":[{"count":2,"href":"https:\/\/vinasfm.com\/noticias\/wp-json\/wp\/v2\/posts\/126887\/revisions"}],"predecessor-version":[{"id":126940,"href":"https:\/\/vinasfm.com\/noticias\/wp-json\/wp\/v2\/posts\/126887\/revisions\/126940"}],"wp:featuredmedia":[{"embeddable":true,"href":"https:\/\/vinasfm.com\/noticias\/wp-json\/wp\/v2\/media\/126888"}],"wp:attachment":[{"href":"https:\/\/vinasfm.com\/noticias\/wp-json\/wp\/v2\/media?parent=126887"}],"wp:term":[{"taxonomy":"category","embeddable":true,"href":"https:\/\/vinasfm.com\/noticias\/wp-json\/wp\/v2\/categories?post=126887"},{"taxonomy":"post_tag","embeddable":true,"href":"https:\/\/vinasfm.com\/noticias\/wp-json\/wp\/v2\/tags?post=126887"}],"curies":[{"name":"wp","href":"https:\/\/api.w.org\/{rel}","templated":true}]}}