{"id":126846,"date":"2023-09-08T09:50:49","date_gmt":"2023-09-08T12:50:49","guid":{"rendered":"https:\/\/vinasfm.com\/noticias\/?p=126846"},"modified":"2023-09-09T10:30:16","modified_gmt":"2023-09-09T13:30:16","slug":"la-delincuencia-ataco-a-la-plaza-del-barrio-isla-gorostiague","status":"publish","type":"post","link":"https:\/\/vinasfm.com\/noticias\/la-delincuencia-ataco-a-la-plaza-del-barrio-isla-gorostiague\/","title":{"rendered":"LA DELINCUENCIA ATAC\u00d3 A LA PLAZA DEL BARRIO ISLA GOROSTIAGUE"},"content":{"rendered":"<p><strong>Los lamentables hechos delictivos han tomado gran relevancia en el \u00faltimo tiempo, generando preocupaci\u00f3n en la poblaci\u00f3n.<\/strong><\/p>\n<p>Vecinos de uno de los barrios m\u00e1s populares de General Alvear se encontraron con la plaza siniestrada. La situaci\u00f3n se expuso en las redes sociales, <strong>en las im\u00e1genes se logra que ver que desconocidos robaron las hamacas de la plaza barrial.<\/strong><\/p>\n<p><img loading=\"lazy\" decoding=\"async\" class=\"\" src=\"https:\/\/scontent.fmdz10-1.fna.fbcdn.net\/v\/t1.15752-9\/373464961_614277844198089_3404114296945601511_n.jpg?_nc_cat=103&amp;ccb=1-7&amp;_nc_sid=ae9488&amp;_nc_ohc=C243mYmkOm0AX8LgRY1&amp;_nc_ht=scontent.fmdz10-1.fna&amp;oh=03_AdTUj0v6xT46tcDBGwSFOp6qL3UBBSyoIf5wyXmn8Ebblg&amp;oe=65228745\" alt=\"Descripci\u00f3n no disponible.\" width=\"355\" height=\"266\" \/> <img loading=\"lazy\" decoding=\"async\" class=\"\" src=\"https:\/\/scontent.fmdz10-1.fna.fbcdn.net\/v\/t1.15752-9\/376432627_1974799602879323_8319073079983928691_n.jpg?_nc_cat=105&amp;ccb=1-7&amp;_nc_sid=ae9488&amp;_nc_ohc=qzLwOjCASrQAX-Bmk3b&amp;_nc_ht=scontent.fmdz10-1.fna&amp;oh=03_AdQPFi-2_l-1U8wSIjOZ-1KFENCS9s5nNLilLwX8zpoTIA&amp;oe=65226C09\" alt=\"Descripci\u00f3n no disponible.\" width=\"355\" height=\"267\" \/><\/p>\n<p>A los reclamos por los robos en distintos locales y viviendas del departamento, <strong>se suman reclamos por la inseguridad en lugares de esparcimiento.<\/strong><\/p>\n<p><strong>La plaza, que se encuentra en calle Artola, fue inaugurada en el 2020 con juegos para ni\u00f1os, juegos adaptados, un play\u00f3n y m\u00e1s comodidades.<\/strong><\/p>\n<p><img loading=\"lazy\" decoding=\"async\" class=\"\" src=\"https:\/\/scontent.fmdz10-1.fna.fbcdn.net\/v\/t1.6435-9\/133832322_3750142898412681_725132606236551547_n.jpg?_nc_cat=108&amp;ccb=1-7&amp;_nc_sid=8bfeb9&amp;_nc_ohc=ASMpxAH-sgEAX-isF-b&amp;_nc_ht=scontent.fmdz10-1.fna&amp;oh=00_AfAPaTGZJynevcjMxM6k8XbcfXndOGDxqFPbs9bTl4ukEw&amp;oe=652274B2\" alt=\"No hay ninguna descripci\u00f3n de la foto disponible.\" width=\"500\" height=\"262\" \/><\/p>\n","protected":false},"excerpt":{"rendered":"<p>Los lamentables hechos delictivos han tomado gran relevancia en el \u00faltimo tiempo, generando preocupaci\u00f3n en la poblaci\u00f3n. Vecinos de uno de &#8230;<\/p>\n","protected":false},"author":7,"featured_media":126847,"comment_status":"open","ping_status":"open","sticky":false,"template":"","format":"standard","meta":{"footnotes":""},"categories":[5],"tags":[],"class_list":["post-126846","post","type-post","status-publish","format-standard","has-post-thumbnail","hentry","category-actualidad"],"_links":{"self":[{"href":"https:\/\/vinasfm.com\/noticias\/wp-json\/wp\/v2\/posts\/126846","targetHints":{"allow":["GET"]}}],"collection":[{"href":"https:\/\/vinasfm.com\/noticias\/wp-json\/wp\/v2\/posts"}],"about":[{"href":"https:\/\/vinasfm.com\/noticias\/wp-json\/wp\/v2\/types\/post"}],"author":[{"embeddable":true,"href":"https:\/\/vinasfm.com\/noticias\/wp-json\/wp\/v2\/users\/7"}],"replies":[{"embeddable":true,"href":"https:\/\/vinasfm.com\/noticias\/wp-json\/wp\/v2\/comments?post=126846"}],"version-history":[{"count":1,"href":"https:\/\/vinasfm.com\/noticias\/wp-json\/wp\/v2\/posts\/126846\/revisions"}],"predecessor-version":[{"id":126850,"href":"https:\/\/vinasfm.com\/noticias\/wp-json\/wp\/v2\/posts\/126846\/revisions\/126850"}],"wp:featuredmedia":[{"embeddable":true,"href":"https:\/\/vinasfm.com\/noticias\/wp-json\/wp\/v2\/media\/126847"}],"wp:attachment":[{"href":"https:\/\/vinasfm.com\/noticias\/wp-json\/wp\/v2\/media?parent=126846"}],"wp:term":[{"taxonomy":"category","embeddable":true,"href":"https:\/\/vinasfm.com\/noticias\/wp-json\/wp\/v2\/categories?post=126846"},{"taxonomy":"post_tag","embeddable":true,"href":"https:\/\/vinasfm.com\/noticias\/wp-json\/wp\/v2\/tags?post=126846"}],"curies":[{"name":"wp","href":"https:\/\/api.w.org\/{rel}","templated":true}]}}