{"id":126840,"date":"2023-09-08T08:59:41","date_gmt":"2023-09-08T11:59:41","guid":{"rendered":"https:\/\/vinasfm.com\/noticias\/?p=126840"},"modified":"2023-09-08T08:59:41","modified_gmt":"2023-09-08T11:59:41","slug":"jaime-prats-se-prepara-para-celebrar-el-110-aniversario","status":"publish","type":"post","link":"https:\/\/vinasfm.com\/noticias\/jaime-prats-se-prepara-para-celebrar-el-110-aniversario\/","title":{"rendered":"JAIME PRATS SE PREPARA PARA CELEBRAR EL 110\u00b0 ANIVERSARIO"},"content":{"rendered":"<p><strong>El distrito Sanrafaelino prepar\u00f3 diversas actividades para la celebraci\u00f3n.<\/strong><\/p>\n<p>Este fin de semana Jaime Prats celebra el 110\u00ba aniversario de su creaci\u00f3n, por lo que se han organizado diversas actividades para tan importante ocasi\u00f3n.<\/p>\n<p>Los eventos comienzan el viernes la \u00abDuatl\u00f3n Aniversario\u00bb, un certamen deportivo que partir\u00e1 a las 14:30 de la escuela Juan M. Escudero en calle Sarmiento.<\/p>\n<p>El \u00abplato fuerte\u00bb de los festejos ser\u00e1 el s\u00e1bado a partir de las 11 de la ma\u00f1ana, con el acto oficial y desfile de entidades sobre la avenida San Mart\u00edn, frente a la delegaci\u00f3n municipal.<\/p>\n<p><img decoding=\"async\" src=\"https:\/\/vinasfm.com\/noticias\/wp-content\/uploads\/2021\/03\/jaime-prats.jpg\" alt=\"JAIME PRATS: FUERON SOPRENDIDOS IN FRAGANTI CUANDO INTENTABAN ROBAR EN UNA  PROPIEDAD RURAL | Radio FM Vi\u00f1as 96.3\" \/><\/p>\n<p>Como parte de los festejos, habr\u00e1 destrezas gauchas de 12 a 18 hs en la granja \u00abDo\u00f1a Mercedes\u00bb.<\/p>\n<p>En tanto que en la noche contin\u00faa la celebraci\u00f3n, con pe\u00f1a folcl\u00f3rica desde las 21 en el Club Deportivo Jaime Prats.<\/p>\n<p>El domingo, para cerrar el fin de semana de aniversario, habr\u00e1 nuevo encuentro de destrezas gauchas en la granja \u00abDo\u00f1a Mercedes\u00bb.<\/p>\n<h6>Minuto Ya<\/h6>\n","protected":false},"excerpt":{"rendered":"<p>El distrito Sanrafaelino prepar\u00f3 diversas actividades para la celebraci\u00f3n. Este fin de semana Jaime Prats celebra el 110\u00ba aniversario de su &#8230;<\/p>\n","protected":false},"author":7,"featured_media":126841,"comment_status":"open","ping_status":"open","sticky":false,"template":"","format":"standard","meta":{"footnotes":""},"categories":[1],"tags":[],"class_list":["post-126840","post","type-post","status-publish","format-standard","has-post-thumbnail","hentry","category-fmvinas"],"_links":{"self":[{"href":"https:\/\/vinasfm.com\/noticias\/wp-json\/wp\/v2\/posts\/126840","targetHints":{"allow":["GET"]}}],"collection":[{"href":"https:\/\/vinasfm.com\/noticias\/wp-json\/wp\/v2\/posts"}],"about":[{"href":"https:\/\/vinasfm.com\/noticias\/wp-json\/wp\/v2\/types\/post"}],"author":[{"embeddable":true,"href":"https:\/\/vinasfm.com\/noticias\/wp-json\/wp\/v2\/users\/7"}],"replies":[{"embeddable":true,"href":"https:\/\/vinasfm.com\/noticias\/wp-json\/wp\/v2\/comments?post=126840"}],"version-history":[{"count":1,"href":"https:\/\/vinasfm.com\/noticias\/wp-json\/wp\/v2\/posts\/126840\/revisions"}],"predecessor-version":[{"id":126842,"href":"https:\/\/vinasfm.com\/noticias\/wp-json\/wp\/v2\/posts\/126840\/revisions\/126842"}],"wp:featuredmedia":[{"embeddable":true,"href":"https:\/\/vinasfm.com\/noticias\/wp-json\/wp\/v2\/media\/126841"}],"wp:attachment":[{"href":"https:\/\/vinasfm.com\/noticias\/wp-json\/wp\/v2\/media?parent=126840"}],"wp:term":[{"taxonomy":"category","embeddable":true,"href":"https:\/\/vinasfm.com\/noticias\/wp-json\/wp\/v2\/categories?post=126840"},{"taxonomy":"post_tag","embeddable":true,"href":"https:\/\/vinasfm.com\/noticias\/wp-json\/wp\/v2\/tags?post=126840"}],"curies":[{"name":"wp","href":"https:\/\/api.w.org\/{rel}","templated":true}]}}