{"id":126828,"date":"2023-09-08T08:18:57","date_gmt":"2023-09-08T11:18:57","guid":{"rendered":"https:\/\/vinasfm.com\/noticias\/?p=126828"},"modified":"2023-09-08T11:37:38","modified_gmt":"2023-09-08T14:37:38","slug":"parisi-e-ilardo-estuvieron-con-productores-y-vecinos-de-general-alvear","status":"publish","type":"post","link":"https:\/\/vinasfm.com\/noticias\/parisi-e-ilardo-estuvieron-con-productores-y-vecinos-de-general-alvear\/","title":{"rendered":"PARISI E ILARDO ESTUVIERON CON PRODUCTORES Y VECINOS DE GENERAL ALVEAR"},"content":{"rendered":"<p><strong>La f\u00f3rmula del Frente Eleg\u00ed recorri\u00f3 distintos barrios de General Alvear y trabaj\u00f3 en distintos proyectos para la mejora de la calidad de vida de vecinos del departamento del sur, junto al candidato a intendente Claudio V\u00e1zquez.<\/strong><\/p>\n<p>En la Uni\u00f3n vecinal San Pedro del Atuel -que est\u00e1n a cargo del servicio de agua potable- los vecinos contaron que cuentan con una de las redes m\u00e1s extensas y con el pozo m\u00e1s antiguo de la provincia, que en \u00e9pocas de verano tienen problemas de escasez. Se trata de m\u00e1s de 600 familias que dependen de este recurso.<\/p>\n<p><em><strong>\u00abHay que generar conciencia en el uso del agua pero tambi\u00e9n pensar las inversiones de forma estrat\u00e9gica para mejorar la vida de los vecinos de la zona\u00bb<\/strong><\/em> dijo Parisi, que se comprometi\u00f3 a trabajar en distintos proyectos de manejo del recurso h\u00eddrico con el candidato a intendente local. Hubo fuertes cr\u00edticas fuertes a la gesti\u00f3n de Irrigaci\u00f3n, a cargo de Sergio Marinelli.<\/p>\n<p>Tambi\u00e9n recorrieron la planta de tratamiento de afluentes cloacales de General Alvear, junto al candidato a intendente Claudio V\u00e1zquez y al vice Lucas Ilardo. Hablaron de los proyectos para trabajar en la pr\u00f3xima gesti\u00f3n, tambi\u00e9n con el acompa\u00f1amiento nacional. <em><strong>\u00abEstamos viendo como en Alvear, el resultado de 8 a\u00f1os de desidia, es abandono, que no permiten que todo Alvear Oeste tenga conexi\u00f3n definitiva a la red cloacal y al tratamiento de afluentes. Esto lo que produce es un da\u00f1o ambiental enorme, no solamente las molestias que tienen los vecinos, sino la comunidad en general\u00bb<\/strong><\/em>, reflexion\u00f3 Parisi .<\/p>\n<p><a href=\"https:\/\/vinasfm.com\/noticias\/wp-content\/uploads\/2023\/09\/d2a8c96d-970d-48f1-941f-453bc33bdc44.jpg\"><img loading=\"lazy\" decoding=\"async\" class=\"alignnone wp-image-126831\" src=\"https:\/\/vinasfm.com\/noticias\/wp-content\/uploads\/2023\/09\/d2a8c96d-970d-48f1-941f-453bc33bdc44-1024x682.jpg\" alt=\"\" width=\"500\" height=\"333\" srcset=\"https:\/\/vinasfm.com\/noticias\/wp-content\/uploads\/2023\/09\/d2a8c96d-970d-48f1-941f-453bc33bdc44-1024x682.jpg 1024w, https:\/\/vinasfm.com\/noticias\/wp-content\/uploads\/2023\/09\/d2a8c96d-970d-48f1-941f-453bc33bdc44-300x200.jpg 300w, https:\/\/vinasfm.com\/noticias\/wp-content\/uploads\/2023\/09\/d2a8c96d-970d-48f1-941f-453bc33bdc44-768x512.jpg 768w, https:\/\/vinasfm.com\/noticias\/wp-content\/uploads\/2023\/09\/d2a8c96d-970d-48f1-941f-453bc33bdc44-1536x1023.jpg 1536w, https:\/\/vinasfm.com\/noticias\/wp-content\/uploads\/2023\/09\/d2a8c96d-970d-48f1-941f-453bc33bdc44.jpg 1600w\" sizes=\"auto, (max-width: 500px) 100vw, 500px\" \/><\/a><\/p>\n<p>Luego, en conferencia de prensa, la f\u00f3rmula dijo que ser\u00e1 fundamental el trasvase del R\u00edo Grande al Atuel. <em><strong>\u00abNosotros queremos trabajar sobre eso porque est\u00e1 en base a algo que tambi\u00e9n queremos recuperar en la provincia y afianzar que es la producci\u00f3n ganadera. Hacer el trasvase del R\u00edo Grande al Atuel significa recuperar 30.000 hect\u00e1reas para forraje y actividad agropecuaria\u00bb<\/strong><\/em>, explic\u00f3 Parisi.<\/p>\n<p>El candidato a gobernador del Frente Eleg\u00ed proyect\u00f3 el desarrollo sobre la calle 7 hasta Carmensa del gasoducto para dotar de gas a la zona y permitir hacer un parque industrial para General Alvear. <em><strong>\u00abEstamos convencidos que en cada lugar que visitamos necesitamos hacer obras que generen riqueza, para impulsar el empleo, que haya inversi\u00f3n y que podamos arrancar una provincia que est\u00e1 parada\u00bb<\/strong><\/em>, coment\u00f3 Parisi.<\/p>\n<p>Por su parte, Ilardo hizo foco en el proyecto de Ley del Salario M\u00ednimo Municipal que se present\u00f3 esta semana en la Legislatura y propone fijar un piso para los trabajadores municipales.<\/p>\n<p>La jornada termin\u00f3 con una visita a un centro de salud en Bowen, donde los alvaerenses comentaron sobre los problemas en la atenci\u00f3n primaria, principalmente con la falta de m\u00e9dicos.<\/p>\n","protected":false},"excerpt":{"rendered":"<p>La f\u00f3rmula del Frente Eleg\u00ed recorri\u00f3 distintos barrios de General Alvear y trabaj\u00f3 en distintos proyectos para la mejora de la &#8230;<\/p>\n","protected":false},"author":7,"featured_media":126829,"comment_status":"open","ping_status":"open","sticky":false,"template":"","format":"standard","meta":{"footnotes":""},"categories":[5,7],"tags":[],"class_list":["post-126828","post","type-post","status-publish","format-standard","has-post-thumbnail","hentry","category-actualidad","category-politica"],"_links":{"self":[{"href":"https:\/\/vinasfm.com\/noticias\/wp-json\/wp\/v2\/posts\/126828","targetHints":{"allow":["GET"]}}],"collection":[{"href":"https:\/\/vinasfm.com\/noticias\/wp-json\/wp\/v2\/posts"}],"about":[{"href":"https:\/\/vinasfm.com\/noticias\/wp-json\/wp\/v2\/types\/post"}],"author":[{"embeddable":true,"href":"https:\/\/vinasfm.com\/noticias\/wp-json\/wp\/v2\/users\/7"}],"replies":[{"embeddable":true,"href":"https:\/\/vinasfm.com\/noticias\/wp-json\/wp\/v2\/comments?post=126828"}],"version-history":[{"count":3,"href":"https:\/\/vinasfm.com\/noticias\/wp-json\/wp\/v2\/posts\/126828\/revisions"}],"predecessor-version":[{"id":126833,"href":"https:\/\/vinasfm.com\/noticias\/wp-json\/wp\/v2\/posts\/126828\/revisions\/126833"}],"wp:featuredmedia":[{"embeddable":true,"href":"https:\/\/vinasfm.com\/noticias\/wp-json\/wp\/v2\/media\/126829"}],"wp:attachment":[{"href":"https:\/\/vinasfm.com\/noticias\/wp-json\/wp\/v2\/media?parent=126828"}],"wp:term":[{"taxonomy":"category","embeddable":true,"href":"https:\/\/vinasfm.com\/noticias\/wp-json\/wp\/v2\/categories?post=126828"},{"taxonomy":"post_tag","embeddable":true,"href":"https:\/\/vinasfm.com\/noticias\/wp-json\/wp\/v2\/tags?post=126828"}],"curies":[{"name":"wp","href":"https:\/\/api.w.org\/{rel}","templated":true}]}}