{"id":126808,"date":"2023-09-07T20:26:20","date_gmt":"2023-09-07T23:26:20","guid":{"rendered":"https:\/\/vinasfm.com\/noticias\/?p=126808"},"modified":"2023-09-07T20:26:20","modified_gmt":"2023-09-07T23:26:20","slug":"malargue-parisi-estuvo-con-productores-afectados-por-el-temporal-junto-a-un-funcionario-funcional-y-jaque","status":"publish","type":"post","link":"https:\/\/vinasfm.com\/noticias\/malargue-parisi-estuvo-con-productores-afectados-por-el-temporal-junto-a-un-funcionario-funcional-y-jaque\/","title":{"rendered":"MALARG\u00dcE: PARISI ESTUVO CON PRODUCTORES AFECTADOS POR EL TEMPORAL JUNTO A UN FUNCIONARIO FUNCIONAL Y JAQUE"},"content":{"rendered":"<p><strong>Fue con Jorge Solmi, Secretario de Coordinaci\u00f3n Agropecuaria, y a pedido del Ministro de Econom\u00eda, Sergio Massa, recorrieron varios puestos de la zona de Pincheira y El Sosneado.<\/strong><\/p>\n<p>Parisi resalt\u00f3 la rapidez del gobierno nacional para hacer un diagn\u00f3stico de la situaci\u00f3n de primera mano. <em><strong>\u00abEsto habla de que cuando el gobierno se preocupa por los problemas reales de la gente, est\u00e1n inmediatamente. Hoy recorrimos y vimos personalmente toda la situaci\u00f3n que se est\u00e1 viviendo que es grave, hay que acompa\u00f1ar en lo inmediato con forraje y alimento para los animales y despu\u00e9s acompa\u00f1ar a las familias que est\u00e1n castigadas econ\u00f3micamente el resto del a\u00f1o\u00bb<\/strong><\/em>, coment\u00f3 el candidato.<\/p>\n<p>El dirigente resalt\u00f3 que en este tipo de situaciones se hace necesario que los procesos del Estado sean acelerados y eficientes.<\/p>\n<p>A su vez, Parisi enumer\u00f3 la cantidad de alternativas para prevenir las contingencias pero coment\u00f3 que <strong><em>\u00ablamentablemente vivimos en una provincia donde el gobierno se desentiende de todo, no conoce de lo que se habla. El gobierno municipal aqu\u00ed tiene malas relaciones con todo el mundo, no se ocupa ni se preocupa por los intereses de los malarg\u00fcinos\u00bb.<\/em><\/strong> Estuvo presente el candidato a Intendente de Malarg\u00fce, Celso Jaque, y Parisi augur\u00f3 que <strong><em>\u00abseguramente todo va a ser m\u00e1s f\u00e1cil con \u00e9l\u00bb.<\/em><\/strong><\/p>\n<p><a href=\"https:\/\/vinasfm.com\/noticias\/wp-content\/uploads\/2023\/09\/WhatsApp-Image-2023-09-07-at-18.38.21.jpeg\"><img loading=\"lazy\" decoding=\"async\" class=\"alignnone wp-image-126810\" src=\"https:\/\/vinasfm.com\/noticias\/wp-content\/uploads\/2023\/09\/WhatsApp-Image-2023-09-07-at-18.38.21-1024x666.jpeg\" alt=\"\" width=\"500\" height=\"325\" srcset=\"https:\/\/vinasfm.com\/noticias\/wp-content\/uploads\/2023\/09\/WhatsApp-Image-2023-09-07-at-18.38.21-1024x666.jpeg 1024w, https:\/\/vinasfm.com\/noticias\/wp-content\/uploads\/2023\/09\/WhatsApp-Image-2023-09-07-at-18.38.21-300x195.jpeg 300w, https:\/\/vinasfm.com\/noticias\/wp-content\/uploads\/2023\/09\/WhatsApp-Image-2023-09-07-at-18.38.21-768x499.jpeg 768w, https:\/\/vinasfm.com\/noticias\/wp-content\/uploads\/2023\/09\/WhatsApp-Image-2023-09-07-at-18.38.21-1536x998.jpeg 1536w, https:\/\/vinasfm.com\/noticias\/wp-content\/uploads\/2023\/09\/WhatsApp-Image-2023-09-07-at-18.38.21.jpeg 1600w\" sizes=\"auto, (max-width: 500px) 100vw, 500px\" \/><\/a><\/p>\n<p>A su vez Solmi coment\u00f3 el llamado de Parisi para alertar sobre las contingencias y adelant\u00f3 <em><strong>\u00abestamos ahora elaborando el plan para que llegue comida a los animales, y luego un programa de segundo paso y de mediano plazo que tiene que ver con la recomposici\u00f3n de los rodeos, porque van a estar afectados por los abortos que se producen fundamentalmente en las cabras, para recapitalizar al producto<\/strong><\/em>r\u00bb.<\/p>\n<p>Finalnente Lisandro Jaegui, Presidente de la Sociedad Rural del Secano Mendocino, asociaci\u00f3n de productores del departamento de Malarg\u00fce, describi\u00f3 la situaci\u00f3n como muy conflictiva, <strong><em>\u00ablos productores de la zona del departamento sufrieron grandes p\u00e9rdidas, muertes de cabezas de ganado menor y mayor. Hablamos de chivos, cabras y tambi\u00e9n bovinos. La gran problem\u00e1tica que se viene ahora es cu\u00e1ntas p\u00e9rdidas tuvimos en abortos y una disminuci\u00f3n en la producci\u00f3n. Hay que tener en cuenta que este es un tema que va m\u00e1s all\u00e1 de lo econ\u00f3mico, es un tema social. La gente vive de estas econom\u00edas y en los pr\u00f3ximos meses y hasta el a\u00f1o que viene vamos a sentir las consecuencias del temporal inesperado\u00bb.<\/em><\/strong><\/p>\n","protected":false},"excerpt":{"rendered":"<p>Fue con Jorge Solmi, Secretario de Coordinaci\u00f3n Agropecuaria, y a pedido del Ministro de Econom\u00eda, Sergio Massa, recorrieron varios puestos de &#8230;<\/p>\n","protected":false},"author":7,"featured_media":126809,"comment_status":"open","ping_status":"open","sticky":false,"template":"","format":"standard","meta":{"footnotes":""},"categories":[1],"tags":[],"class_list":["post-126808","post","type-post","status-publish","format-standard","has-post-thumbnail","hentry","category-fmvinas"],"_links":{"self":[{"href":"https:\/\/vinasfm.com\/noticias\/wp-json\/wp\/v2\/posts\/126808","targetHints":{"allow":["GET"]}}],"collection":[{"href":"https:\/\/vinasfm.com\/noticias\/wp-json\/wp\/v2\/posts"}],"about":[{"href":"https:\/\/vinasfm.com\/noticias\/wp-json\/wp\/v2\/types\/post"}],"author":[{"embeddable":true,"href":"https:\/\/vinasfm.com\/noticias\/wp-json\/wp\/v2\/users\/7"}],"replies":[{"embeddable":true,"href":"https:\/\/vinasfm.com\/noticias\/wp-json\/wp\/v2\/comments?post=126808"}],"version-history":[{"count":1,"href":"https:\/\/vinasfm.com\/noticias\/wp-json\/wp\/v2\/posts\/126808\/revisions"}],"predecessor-version":[{"id":126811,"href":"https:\/\/vinasfm.com\/noticias\/wp-json\/wp\/v2\/posts\/126808\/revisions\/126811"}],"wp:featuredmedia":[{"embeddable":true,"href":"https:\/\/vinasfm.com\/noticias\/wp-json\/wp\/v2\/media\/126809"}],"wp:attachment":[{"href":"https:\/\/vinasfm.com\/noticias\/wp-json\/wp\/v2\/media?parent=126808"}],"wp:term":[{"taxonomy":"category","embeddable":true,"href":"https:\/\/vinasfm.com\/noticias\/wp-json\/wp\/v2\/categories?post=126808"},{"taxonomy":"post_tag","embeddable":true,"href":"https:\/\/vinasfm.com\/noticias\/wp-json\/wp\/v2\/tags?post=126808"}],"curies":[{"name":"wp","href":"https:\/\/api.w.org\/{rel}","templated":true}]}}