{"id":126798,"date":"2023-09-07T11:00:37","date_gmt":"2023-09-07T14:00:37","guid":{"rendered":"https:\/\/vinasfm.com\/noticias\/?p=126798"},"modified":"2023-09-07T11:00:37","modified_gmt":"2023-09-07T14:00:37","slug":"mas-de-200-carreras-en-la-edicion-2023-de-la-oferta-educativa","status":"publish","type":"post","link":"https:\/\/vinasfm.com\/noticias\/mas-de-200-carreras-en-la-edicion-2023-de-la-oferta-educativa\/","title":{"rendered":"M\u00c1S DE 200 CARRERAS EN LA EDICI\u00d3N 2023 DE LA OFERTA EDUCATIVA"},"content":{"rendered":"<p><strong>Con una vigencia de 25 a\u00f1os, se acerca\u00a0una nueva edici\u00f3n de la Oferta Educativa en General Alvear que organiza la c\u00e1mara joven de comercio.<\/strong><\/p>\n<p>El evento que naci\u00f3 modestamente en 1998 como un proyecto de la C\u00e1mara Joven y contaba con tan solo cuatro carreras disponibles para los estudiantes locales, evolucion\u00f3 hasta convertirse en una propuesta que\u00a0<strong>ofrece m\u00e1s de 200 opciones educativas en la actualidad.<\/strong><\/p>\n<p>En este 2023 la Oferta Educativa versar\u00e1 bajo el lema <strong><em>\u00abLa educaci\u00f3n es la herramienta m\u00e1s importante para la transformaci\u00f3n\u00bb.<\/em><\/strong><\/p>\n<p><img decoding=\"async\" src=\"https:\/\/camaradealvear.org.ar\/wp-content\/uploads\/2023\/09\/Oferta-educativa-1-1024x682.jpg\" \/><\/p>\n<p><strong><em>\u201cEsperamos la participaci\u00f3n de m\u00e1s de 400 estudiantes de escuelas secundarias del departamento. Van a poder explorar las diversas opciones acad\u00e9micas que ofrece General Alvear.\u00a0Adem\u00e1s de la amplia variedad de carreras presentadas por instituciones universitarias locales, los visitantes podr\u00e1n disfrutar de charlas con orientadores educativos y tambi\u00e9n hemos previsto algunas sorpresas especiales\u201d<\/em><\/strong>, coment\u00f3 Fernando Mart\u00edn, integrante de la C\u00e1mara Joven.<\/p>\n<p>La oferta Educativa se realizar\u00e1 el mi\u00e9rcoles 13 de septiembre en las instalaciones del Informador Tur\u00edstico en el kil\u00f3metro cero de Alvear.<\/p>\n<p>El inicio de las actividades est\u00e1 previsto para las ocho de la ma\u00f1ana y se extender\u00e1 hasta las cinco de la tarde.<\/p>\n<p><em><strong>\u201cNuestro desaf\u00edo es que los j\u00f3venes no tengan que emigrar para buscar capacitarse y convertirse en profesionales\u00a0y adem\u00e1s siempre\u00a0estamos en la b\u00fasqueda de atraer estudiantes de otros localidades\u00a0para colaborar con el crecimiento del departamento<\/strong><\/em>\u201d, coment\u00f3 Marina rodr\u00edguez, presidente de la C\u00e1mara Joven.<\/p>\n","protected":false},"excerpt":{"rendered":"<p>Con una vigencia de 25 a\u00f1os, se acerca\u00a0una nueva edici\u00f3n de la Oferta Educativa en General Alvear que organiza la c\u00e1mara &#8230;<\/p>\n","protected":false},"author":7,"featured_media":126799,"comment_status":"open","ping_status":"open","sticky":false,"template":"","format":"standard","meta":{"footnotes":""},"categories":[1],"tags":[],"class_list":["post-126798","post","type-post","status-publish","format-standard","has-post-thumbnail","hentry","category-fmvinas"],"_links":{"self":[{"href":"https:\/\/vinasfm.com\/noticias\/wp-json\/wp\/v2\/posts\/126798","targetHints":{"allow":["GET"]}}],"collection":[{"href":"https:\/\/vinasfm.com\/noticias\/wp-json\/wp\/v2\/posts"}],"about":[{"href":"https:\/\/vinasfm.com\/noticias\/wp-json\/wp\/v2\/types\/post"}],"author":[{"embeddable":true,"href":"https:\/\/vinasfm.com\/noticias\/wp-json\/wp\/v2\/users\/7"}],"replies":[{"embeddable":true,"href":"https:\/\/vinasfm.com\/noticias\/wp-json\/wp\/v2\/comments?post=126798"}],"version-history":[{"count":1,"href":"https:\/\/vinasfm.com\/noticias\/wp-json\/wp\/v2\/posts\/126798\/revisions"}],"predecessor-version":[{"id":126800,"href":"https:\/\/vinasfm.com\/noticias\/wp-json\/wp\/v2\/posts\/126798\/revisions\/126800"}],"wp:featuredmedia":[{"embeddable":true,"href":"https:\/\/vinasfm.com\/noticias\/wp-json\/wp\/v2\/media\/126799"}],"wp:attachment":[{"href":"https:\/\/vinasfm.com\/noticias\/wp-json\/wp\/v2\/media?parent=126798"}],"wp:term":[{"taxonomy":"category","embeddable":true,"href":"https:\/\/vinasfm.com\/noticias\/wp-json\/wp\/v2\/categories?post=126798"},{"taxonomy":"post_tag","embeddable":true,"href":"https:\/\/vinasfm.com\/noticias\/wp-json\/wp\/v2\/tags?post=126798"}],"curies":[{"name":"wp","href":"https:\/\/api.w.org\/{rel}","templated":true}]}}