{"id":126790,"date":"2023-09-07T10:20:43","date_gmt":"2023-09-07T13:20:43","guid":{"rendered":"https:\/\/vinasfm.com\/noticias\/?p=126790"},"modified":"2023-09-08T08:41:01","modified_gmt":"2023-09-08T11:41:01","slug":"es-oficial-desde-este-jueves-el-vino-no-paga-mas-retenciones-en-la-argentina","status":"publish","type":"post","link":"https:\/\/vinasfm.com\/noticias\/es-oficial-desde-este-jueves-el-vino-no-paga-mas-retenciones-en-la-argentina\/","title":{"rendered":"ES OFICIAL DESDE ESTE JUEVES: EL VINO NO PAGA M\u00c1S RETENCIONES EN LA ARGENTINA"},"content":{"rendered":"<p><strong>Se anunci\u00f3 la medida en el Bolet\u00edn Oficial y es retroactiva al 1 de septiembre. Entidades vitivin\u00edcolas celebraron y agradecieron a autoridades, aunque ahora piden avanzar con tratados de libre comercio.<\/strong><\/p>\n<p>El\u00a0<strong>vino\u00a0<\/strong>dej\u00f3 de pagar\u00a0<strong>retenciones\u00a0<\/strong>en toda la Rep\u00fablica Argentina. Tal como anunci\u00f3 un mes atr\u00e1s el ministro de Econom\u00eda\u00a0<strong>Sergio Massa<\/strong>, el gravamen para exportaciones de ese y otros productos pas\u00f3 a ser cero desde el primer d\u00eda de este mes. La medida fue ratificada este jueves con su publicaci\u00f3n en el\u00a0<strong>Bolet\u00edn Oficial<\/strong>. Bodegas de Argentina y diversos referentes ya agradecieron la decisi\u00f3n, aunque est\u00e1n marcando nuevos pedidos a futuro. Tambi\u00e9n incluye al mosto.<\/p>\n<p><strong>\u00ab0,00\u00bb, es el n\u00famero que figura en las planillas del anexo oficial este jueves<\/strong>. Decenas y decenas de celdas que exhiben eso,\u00a0<strong>\u00abcero coma cero por ciento\u00bb<\/strong>\u00a0en diversos productos que se adjuntaron a la publicaci\u00f3n para establecer que, desde el 1 de septiembre,\u00a0<strong>esa es la al\u00edcuota que pagan por exportar.<\/strong>\u00a0La medida lleva la firma del propio\u00a0<strong>Massa<\/strong>, quien hab\u00eda dado la novedad all\u00e1 por finales de julio, y del jefe de Gabinete,<strong>\u00a0Agust\u00edn Rossi.<\/strong><\/p>\n<p>\u00abF\u00edjese a partir del 1 de septiembre\u00a0<strong>las al\u00edcuotas siguientes de derecho de exportaci\u00f3n para mercader\u00edas comprendidas<\/strong>\u00a0en posiciones arancelarias\u00bb, explica el Bolet\u00edn, a la vez que se refrenda que\u00a0<strong>\u00abel C\u00f3digo Aduanero faculta al Poder Ejecutivo Nacional\u00a0<\/strong>a gravar derechos de exportaci\u00f3n\u00bb. La medida\u00a0<strong>viene siendo solicitada por el sector vitivin\u00edcola, de particular fuerza en Mendoza<\/strong>, desde hace a\u00f1os.<\/p>\n<p><img decoding=\"async\" src=\"https:\/\/media.diariouno.com.ar\/p\/9db86431f85f3e3f751abd595d871f4e\/adjuntos\/298\/imagenes\/009\/215\/0009215363\/1200x0\/smart\/sergio-massajpg.jpg\" alt=\"Massa anunci\u00f3 la eliminaci\u00f3n de retenciones el 24 de julio.\" \/><\/p>\n<p>Por su parte,\u00a0<strong>Bodegas de Argentina<\/strong>, c\u00e1mara empresaria que nuclea a una buena porci\u00f3n de los empresarios del rubro, fue una de las primeras\u00a0<strong>entidades\u00a0<\/strong>en manifestarse sobre la modificaci\u00f3n.\u00a0<strong>Aunque agradeci\u00f3, tambi\u00e9n empez\u00f3 a hacer nuevos pedidos al Palacio de Hacienda hacia el futuro: tratados de libre comercio\u00a0<\/strong>y mayor apoyo en la promoci\u00f3n de los bienes que quieren venderle al mundo.<\/p>\n<p>\u00abLuego de a\u00f1os de gestiones frente a<strong>\u00a0autoridades nacionales,\u00a0<\/strong>celebramos la<strong>\u00a0eliminaci\u00f3n de retenciones y derechos de exportaci\u00f3n\u00bb,<\/strong>\u00a0dice su comunicado. Adem\u00e1s, la gratificaci\u00f3n fue tambi\u00e9n hacia\u00a0<strong>\u00ablos que acompa\u00f1aron en este tiempo\u00bb.\u00a0<\/strong>Catalogaron al hecho como un paso importante para la inserci\u00f3n de productos, aunque seguir\u00e1n trabajando para<strong>\u00a0mejorar la competitividad,<\/strong>\u00a0aseguraron.<\/p>\n<p><a href=\"https:\/\/vinasfm.com\/noticias\/wp-content\/uploads\/2023\/09\/WhatsApp-Image-2023-09-07-at-10.18.15.jpeg\"><img loading=\"lazy\" decoding=\"async\" class=\"alignnone wp-image-126791 size-full\" src=\"https:\/\/vinasfm.com\/noticias\/wp-content\/uploads\/2023\/09\/WhatsApp-Image-2023-09-07-at-10.18.15.jpeg\" alt=\"\" width=\"532\" height=\"220\" srcset=\"https:\/\/vinasfm.com\/noticias\/wp-content\/uploads\/2023\/09\/WhatsApp-Image-2023-09-07-at-10.18.15.jpeg 532w, https:\/\/vinasfm.com\/noticias\/wp-content\/uploads\/2023\/09\/WhatsApp-Image-2023-09-07-at-10.18.15-300x124.jpeg 300w\" sizes=\"auto, (max-width: 532px) 100vw, 532px\" \/><\/a><\/p>\n<p><img loading=\"lazy\" decoding=\"async\" class=\"\" src=\"https:\/\/pbs.twimg.com\/media\/F5ZWLbuWkAAJLuZ?format=jpg&amp;name=small\" alt=\"Imagen\" width=\"530\" height=\"530\" \/><\/p>\n<h2>Ahorrar\u00e1n cerca de 11 millones de d\u00f3lares<\/h2>\n<p>Esa es la cifra que el sector se ahorrar\u00e1 en este final de 2023 en los que debutar\u00e1 la decisi\u00f3n. El c\u00e1lculo fue hecho por\u00a0<strong>Daniel Rada,\u00a0<\/strong>el director del Observatorio Vitivin\u00edcola Argentino (OVA) y expresado a\u00a0<strong>Conexi\u00f3n Agro,<\/strong>\u00a0el programa especializado en temas agr\u00edcolas de\u00a0<strong>Radio Nihuil.<\/strong>\u00a0Al calcularse un impacto de U$S 33 millones anuales, estos cuatro meses arrojar\u00edan\u00a0<strong>un tercio de esa cifra en materia de dinero no tributado.<\/strong><\/p>\n<p>Asimismo, el directivo afirm\u00f3 que todav\u00eda<strong>\u00a0hacen falta otros incentivos para retomar un curso satisfactorio de exportaciones<\/strong>, y tambi\u00e9n breg\u00f3 por un mejor acceso a los insumos\u00a0<strong>importados<\/strong>, que desde hace m\u00e1s de un mes lidian con un\u00a0<strong>7,5% de impuesto\u00a0<\/strong>extra por ser una compra en moneda extranjera. Adem\u00e1s dijo que el\u00a0<strong>d\u00f3lar agro<\/strong>\u00a0(que por estas horas tuvo una nueva reedici\u00f3n) no fue del todo\u00a0<strong>eficiente<\/strong>.<\/p>\n<p>La decisi\u00f3n del<strong>\u00a0Ministerio de Econom\u00eda hace que el 4.5% de retenciones que pagaban el vino y el mosto desaparezca.<\/strong>\u00a0Eso permitir\u00e1 que se pueda trasladar la baja a los precios de los productos y que as\u00ed Mendoza gane mercados, o pierda menos,\u00a0<strong>o se vuelva de diversas formas m\u00e1s competitiva en esos nichos.<\/strong><\/p>\n<p><strong>\u00abNos hab\u00edamos quedado como paralizados, porque no se dec\u00eda nada<\/strong>\u00a0ni tampoco sal\u00eda la resoluci\u00f3n. La verdad es que hoy la celebramos\u00bb, cont\u00f3<strong>\u00a0Walter Bressia, titular de Bodegas de Argentina,<\/strong>\u00a0tambi\u00e9n en di\u00e1logo con\u00a0<strong>Radio Nihuil\u00a0<\/strong>este jueves. \u00abLo ven\u00edamos manejando desde hac\u00eda tiempo. La verdad es que es una muy buena medida, grafic\u00f3 el en\u00f3logo, que desde mediados de a\u00f1o volvi\u00f3 a presidir aquella entidad.<\/p>\n<p>Por \u00faltimo,\u00a0<strong>Mario L\u00e1zzaro,<\/strong>\u00a0responsable de la entidad dedicada a exportaciones Mendocinas\u00a0<strong>ProMendoza<\/strong>, dijo que es una medida reparatoria, ya que el vino y el mosto concentrado hab\u00edan sido<strong>\u00a0excluidos de la retenci\u00f3n cero que benefici\u00f3 a otros productos.\u00a0<\/strong>\u00abAdem\u00e1s, tiene efectos inmediatos, pero a su vez pedimos que no se intervenga tanto sobre el tipo de cambio. Hoy podemos aprovechar la coyuntura, pero no planificar a futuro\u00bb, marc\u00f3.<\/p>\n","protected":false},"excerpt":{"rendered":"<p>Se anunci\u00f3 la medida en el Bolet\u00edn Oficial y es retroactiva al 1 de septiembre. Entidades vitivin\u00edcolas celebraron y agradecieron a &#8230;<\/p>\n","protected":false},"author":7,"featured_media":116220,"comment_status":"open","ping_status":"open","sticky":false,"template":"","format":"standard","meta":{"footnotes":""},"categories":[5,16],"tags":[],"class_list":["post-126790","post","type-post","status-publish","format-standard","has-post-thumbnail","hentry","category-actualidad","category-economia"],"_links":{"self":[{"href":"https:\/\/vinasfm.com\/noticias\/wp-json\/wp\/v2\/posts\/126790","targetHints":{"allow":["GET"]}}],"collection":[{"href":"https:\/\/vinasfm.com\/noticias\/wp-json\/wp\/v2\/posts"}],"about":[{"href":"https:\/\/vinasfm.com\/noticias\/wp-json\/wp\/v2\/types\/post"}],"author":[{"embeddable":true,"href":"https:\/\/vinasfm.com\/noticias\/wp-json\/wp\/v2\/users\/7"}],"replies":[{"embeddable":true,"href":"https:\/\/vinasfm.com\/noticias\/wp-json\/wp\/v2\/comments?post=126790"}],"version-history":[{"count":2,"href":"https:\/\/vinasfm.com\/noticias\/wp-json\/wp\/v2\/posts\/126790\/revisions"}],"predecessor-version":[{"id":126835,"href":"https:\/\/vinasfm.com\/noticias\/wp-json\/wp\/v2\/posts\/126790\/revisions\/126835"}],"wp:featuredmedia":[{"embeddable":true,"href":"https:\/\/vinasfm.com\/noticias\/wp-json\/wp\/v2\/media\/116220"}],"wp:attachment":[{"href":"https:\/\/vinasfm.com\/noticias\/wp-json\/wp\/v2\/media?parent=126790"}],"wp:term":[{"taxonomy":"category","embeddable":true,"href":"https:\/\/vinasfm.com\/noticias\/wp-json\/wp\/v2\/categories?post=126790"},{"taxonomy":"post_tag","embeddable":true,"href":"https:\/\/vinasfm.com\/noticias\/wp-json\/wp\/v2\/tags?post=126790"}],"curies":[{"name":"wp","href":"https:\/\/api.w.org\/{rel}","templated":true}]}}