{"id":126785,"date":"2023-09-07T10:03:54","date_gmt":"2023-09-07T13:03:54","guid":{"rendered":"https:\/\/vinasfm.com\/noticias\/?p=126785"},"modified":"2023-09-08T08:41:41","modified_gmt":"2023-09-08T11:41:41","slug":"la-legislatura-se-metio-en-el-conflicto-entre-fecovita-y-la-empresa-espanola-que-pide-su-quiebra","status":"publish","type":"post","link":"https:\/\/vinasfm.com\/noticias\/la-legislatura-se-metio-en-el-conflicto-entre-fecovita-y-la-empresa-espanola-que-pide-su-quiebra\/","title":{"rendered":"LA LEGISLATURA SE METI\u00d3 EN EL CONFLICTO ENTRE FECOVITA Y LA EMPRESA ESPA\u00d1OLA QUE PIDE SU QUIEBRA"},"content":{"rendered":"<p><strong>La comisi\u00f3n de Derechos y Garant\u00edas tratar\u00e1 este jueves la denuncia por extorsi\u00f3n que Fecovita realiz\u00f3 contra la firma Iberte; e indagar\u00e1 sobre la raz\u00f3n por la que el juzgado no avanz\u00f3 en esa causa.<\/strong><\/p>\n<p>La comisi\u00f3n de\u00a0<strong>Derechos y Garant\u00edas<\/strong>\u00a0de la C\u00e1mara de Diputados de la provincia se meter\u00e1 de lleno en el<strong>\u00a0conflicto entre la Federaci\u00f3n de Cooperativas Vitivin\u00edcolas Argentinas (Fecovita) y la firma espa\u00f1ola Iberte<\/strong>, a la que ha\u00a0<strong>denunciado por extorsi\u00f3n.<\/strong><\/p>\n<p>B\u00e1sicamente, se debatir\u00e1n -por pedido de Fecovita- las<strong>\u00a0razones<\/strong>\u00a0por las cuales la\u00a0<strong>federaci\u00f3n llev\u00f3 a Iberte a la Justicia<\/strong>\u00a0y los<strong>\u00a0motivos\u00a0<\/strong>por los que la\u00a0<strong>presentaci\u00f3n judicial a\u00fan no tiene resoluci\u00f3n.<\/strong><\/p>\n<p>La reuni\u00f3n ser\u00e1 este\u00a0<strong>jueves por la ma\u00f1ana<\/strong>\u00a0y estar\u00e1n presentes representantes de las dos partes en conflicto.<\/p>\n<h2>Por qu\u00e9 se gener\u00f3 el conflicto entre Fecovita e Iberte<\/h2>\n<p>Antes que nada hay que decir que<strong>\u00a0Iberte<\/strong>\u00a0es una\u00a0<strong>empresa espa\u00f1ola<\/strong>\u00a0con\u00a0<strong>sede en Eslovaquia<\/strong>\u00a0que<strong>\u00a0exporta vinos y los comercializa\u00a0<\/strong>sobre todo en\u00a0<strong>Europa del Este<\/strong>, y tambi\u00e9n tiene clientes en\u00a0<strong>China<\/strong>. Es propiedad de\u00a0<strong>Juan Jos\u00e9 Retamero<\/strong>\u00a0y, en Argentina,\u00a0<strong>su representante es Guillermo Garc\u00eda<\/strong>, expresidente de Instituto Nacional de Vitivinicultura y exlegislador nacional.<\/p>\n<p>Entre las caras locales de<strong>\u00a0Iberte\u00a0<\/strong>se encontraba, adem\u00e1s, la de\u00a0<strong>Juan Carlos F\u00e1brega<\/strong>, un expresidente del Banco Naci\u00f3n, que asegur\u00f3 ya no ser parte de la firma espa\u00f1ola.<\/p>\n<p>En el\u00a0<strong>2021,<\/strong>\u00a0cuando la<strong>\u00a0Federaci\u00f3n se asoci\u00f3 con la firma espa\u00f1ola<\/strong>, el\u00a0<strong>presidente\u00a0<\/strong>de\u00a0<strong>Fecovita<\/strong>\u00a0era\u00a0<strong>Eduardo Sancho.<\/strong><\/p>\n<p>Se decidi\u00f3 la sociedad\u00a0<strong>y ambas entidades crearon EVISA<\/strong>\u00a0(Exportadora Vitivin\u00edcola Sociedad An\u00f3nima).\u00a0<strong>Marcelo Federici<\/strong>, secretario general de Fecovita, explic\u00f3 que la raz\u00f3n de esta uni\u00f3n era ampliar los horizontes comerciales.<\/p>\n<p>El acuerdo al que llegaron era muy importante: consist\u00eda en que\u00a0<strong>Fecovita<\/strong>\u00a0enviara a Europa 30 millones de litros de vino y 10 toneladas de mosto. A su vez, Iberte comercializar\u00eda el vino y el mosto en los pa\u00edses de Europa en donde m\u00e1s llegada comercial tiene y har\u00eda llegar los pagos a la Federaci\u00f3n de Cooperativas.<\/p>\n<p><strong>Pero esto no sucedi\u00f3<\/strong>\u00a0de la manera acordada: Federici manifest\u00f3 que desde la entidad que representa pudieron averiguar que los clientes europeos recib\u00edan los pedidos y pagaban en tiempo y forma, pero\u00a0<strong>Iberte no realizaba el dep\u00f3sito correspondiente en las cuentas de la federaci\u00f3n<\/strong>.<\/p>\n<p><strong>Fecovita adujo,\u00a0<\/strong>adem\u00e1s, que\u00a0<strong>Iberte se estaba quedando con sus clientes hist\u00f3ricos\u00a0<\/strong>en Europa.<\/p>\n<p>Entonces -y tras una asamblea de socios-<strong>\u00a0Evisa\u00a0<\/strong>se disolvi\u00f3. Pero a\u00fan hab\u00eda una serie de acuerdos por cumplir<strong>,<\/strong>\u00a0entre estos, el compromiso de Fecovita de exportar una cantidad de vino y mosto<strong>,<\/strong>\u00a0que\u00a0<strong>comenz\u00f3 a enviarse<\/strong>\u00a0a Europa, pero\u00a0<strong>luego<\/strong>\u00a0ese suministro\u00a0<strong>se cort\u00f3.<\/strong><\/p>\n<p>De<strong>\u00a0esta cesaci\u00f3n de env\u00edo de la mercader\u00eda pactada es de donde parte la denuncia de quiebra\u00a0<\/strong>que pidi\u00f3 Iberte.<\/p>\n<p>La versi\u00f3n de Fecovita es que\u00a0<strong>al no recibir los pagos correspondientes, dejaron de enviar los productos<\/strong>\u00a0acordados.<\/p>\n<h2>De qu\u00e9 se trata la denuncia por extorsi\u00f3n<\/h2>\n<p><strong>Seg\u00fan\u00a0<\/strong>Marcelo<strong>\u00a0Federici, la empresa espa\u00f1ola Iberte est\u00e1 provocando una maniobra extorsiva<\/strong>\u00a0que consiste en presentar en tribunales concursales\u00a0<strong>dos pedidos de quiebra<\/strong>\u00a0hacia Fecovita.<\/p>\n<p><strong>La versi\u00f3n de Fecovita es que Iberte realiz\u00f3 un pedido<\/strong>\u00a0de quiebra por\u00a0<strong>3 millones de d\u00f3lares, pero ahora reclama por cifras muy superiores a esta.<\/strong><\/p>\n<p><strong>Adem\u00e1s, seg\u00fan el secretario general, la<\/strong>\u00a0<strong>empresa espa\u00f1ola\u00a0<\/strong>se ha encargado de ir\u00a0<strong>notificando a todo el sistema financiero<\/strong>\u00a0con el que trabaja Fecovita -a los\u00a0<strong>auditores,<\/strong>\u00a0a los<strong>\u00a0due\u00f1os de las cooperativas<\/strong>\u00a0y a los\u00a0<strong>productores-<\/strong>\u00a0sobre\u00a0<strong>cu\u00e1l es \u00abla situaci\u00f3n financiera de la federaci\u00f3n\u00bb,<\/strong>\u00a0que por otra parte,<strong>\u00a0seg\u00fan asegur\u00f3 Federici, no es cierta.<\/strong><\/p>\n<p>Lo que<strong>\u00a0Fecovita denuncia\u00a0<\/strong>es que\u00a0<strong>Iberte busca minar su imagen y complicarle el funcionamiento<\/strong>.<\/p>\n<h2>La Justicia de Mendoza todav\u00eda no se expide<\/h2>\n<p><strong>Actualmente, el Banco Naci\u00f3n le ha trabado a Fecovita un cr\u00e9dito por 4.500 millones de pesos<\/strong>. A\u00fan no se ha definido qu\u00e9 suceder\u00e1 con este cr\u00e9dito, pero la situaci\u00f3n repercuti\u00f3 en la Casa de Gobierno, porque el gobernador Rodolfo Suarez sali\u00f3 a interceder por la gente de Fecovita ante la presidenta del Banco Naci\u00f3n,<strong>\u00a0Silvina Batakis<\/strong>.<\/p>\n<p>Federici asegur\u00f3 que\u00a0<strong>la federaci\u00f3n no se encuentra ni en cesaci\u00f3n de pagos<\/strong>, ni<strong>\u00a0tampoco\u00a0<\/strong>cuenta con una\u00a0<strong>deuda cierta\u00a0<\/strong>y<strong>\u00a0determinada<\/strong>, que son los\u00a0<strong>dos fundamentos<\/strong>\u00a0por los que puede declararse su<strong>\u00a0quiebra.<\/strong><\/p>\n<p>En el momento de presentar la causa por extorsi\u00f3n, Federici pidi\u00f3 que\u00a0<strong>la Justicia local se expidiera r\u00e1pidamente<\/strong>, ya que si pasaba demasiado tiempo, Fecovita pod\u00eda entrar en un problema financiero, pero\u00a0<strong>la Justicia local todav\u00eda no se expide al respecto<\/strong>\u00a0y este es el pedido que llevar\u00e1 este jueves Fecovita a la Legislatura:\u00a0<strong>que exista mayor celeridad judicial para resolver<\/strong>.<\/p>\n","protected":false},"excerpt":{"rendered":"<p>La comisi\u00f3n de Derechos y Garant\u00edas tratar\u00e1 este jueves la denuncia por extorsi\u00f3n que Fecovita realiz\u00f3 contra la firma Iberte; e &#8230;<\/p>\n","protected":false},"author":7,"featured_media":126786,"comment_status":"open","ping_status":"open","sticky":false,"template":"","format":"standard","meta":{"footnotes":""},"categories":[5,10],"tags":[],"class_list":["post-126785","post","type-post","status-publish","format-standard","has-post-thumbnail","hentry","category-actualidad","category-destacadas"],"_links":{"self":[{"href":"https:\/\/vinasfm.com\/noticias\/wp-json\/wp\/v2\/posts\/126785","targetHints":{"allow":["GET"]}}],"collection":[{"href":"https:\/\/vinasfm.com\/noticias\/wp-json\/wp\/v2\/posts"}],"about":[{"href":"https:\/\/vinasfm.com\/noticias\/wp-json\/wp\/v2\/types\/post"}],"author":[{"embeddable":true,"href":"https:\/\/vinasfm.com\/noticias\/wp-json\/wp\/v2\/users\/7"}],"replies":[{"embeddable":true,"href":"https:\/\/vinasfm.com\/noticias\/wp-json\/wp\/v2\/comments?post=126785"}],"version-history":[{"count":1,"href":"https:\/\/vinasfm.com\/noticias\/wp-json\/wp\/v2\/posts\/126785\/revisions"}],"predecessor-version":[{"id":126787,"href":"https:\/\/vinasfm.com\/noticias\/wp-json\/wp\/v2\/posts\/126785\/revisions\/126787"}],"wp:featuredmedia":[{"embeddable":true,"href":"https:\/\/vinasfm.com\/noticias\/wp-json\/wp\/v2\/media\/126786"}],"wp:attachment":[{"href":"https:\/\/vinasfm.com\/noticias\/wp-json\/wp\/v2\/media?parent=126785"}],"wp:term":[{"taxonomy":"category","embeddable":true,"href":"https:\/\/vinasfm.com\/noticias\/wp-json\/wp\/v2\/categories?post=126785"},{"taxonomy":"post_tag","embeddable":true,"href":"https:\/\/vinasfm.com\/noticias\/wp-json\/wp\/v2\/tags?post=126785"}],"curies":[{"name":"wp","href":"https:\/\/api.w.org\/{rel}","templated":true}]}}