{"id":126764,"date":"2023-09-07T08:40:02","date_gmt":"2023-09-07T11:40:02","guid":{"rendered":"https:\/\/vinasfm.com\/noticias\/?p=126764"},"modified":"2023-09-07T11:01:32","modified_gmt":"2023-09-07T14:01:32","slug":"jany-molero-propone-una-iniciativa-vanguardista-para-el-cuidado-de-animales-domesticos-y-callejeros","status":"publish","type":"post","link":"https:\/\/vinasfm.com\/noticias\/jany-molero-propone-una-iniciativa-vanguardista-para-el-cuidado-de-animales-domesticos-y-callejeros\/","title":{"rendered":"JANY MOLERO PROPONE UNA INICIATIVA VANGUARDISTA PARA EL CUIDADO DE ANIMALES DOM\u00c9STICOS Y CALLEJEROS"},"content":{"rendered":"<p><strong>El candidato a la intendencia, Alejandro Molero, ha presentado un proyecto innovador destinado a promover el bienestar de las mascotas y callejeritos en nuestra comunidad. En su compromiso continuo con la protecci\u00f3n de los animales, Molero propone la creaci\u00f3n de un micro &#8211; hospital para Animales Dom\u00e9sticos.<\/strong><\/p>\n<p>Este centro m\u00e9dico veterinario, pionero, se enfocar\u00e1 en brindar servicios esenciales para el cuidado de perros y gatos en nuestro departamento.<\/p>\n<p>La realizaci\u00f3n de este ambicioso proyecto requiere la colaboraci\u00f3n central y activa de las agrupaciones defensoras de animales y otras ONG ligadas a la protecci\u00f3n animal, en nuestro distrito. Ellas ser\u00e1n agentes esenciales en esta acci\u00f3n para lograr un cambio significativo en la vida de nuestras mascotas.<\/p>\n<p><a href=\"https:\/\/vinasfm.com\/noticias\/wp-content\/uploads\/2023\/09\/WhatsApp-Image-2023-09-07-at-08.18.24-1.jpeg\"><img loading=\"lazy\" decoding=\"async\" class=\"alignnone wp-image-126766\" src=\"https:\/\/vinasfm.com\/noticias\/wp-content\/uploads\/2023\/09\/WhatsApp-Image-2023-09-07-at-08.18.24-1.jpeg\" alt=\"\" width=\"500\" height=\"331\" srcset=\"https:\/\/vinasfm.com\/noticias\/wp-content\/uploads\/2023\/09\/WhatsApp-Image-2023-09-07-at-08.18.24-1.jpeg 1024w, https:\/\/vinasfm.com\/noticias\/wp-content\/uploads\/2023\/09\/WhatsApp-Image-2023-09-07-at-08.18.24-1-300x199.jpeg 300w, https:\/\/vinasfm.com\/noticias\/wp-content\/uploads\/2023\/09\/WhatsApp-Image-2023-09-07-at-08.18.24-1-768x509.jpeg 768w\" sizes=\"auto, (max-width: 500px) 100vw, 500px\" \/><\/a><\/p>\n<h2>Entre los servicios clave se incluyen:<\/h2>\n<p>Castraci\u00f3n: Un programa de castraci\u00f3n para controlar la poblaci\u00f3n de animales sin hogar y promover la salud animal. Adem\u00e1s de evitar accidentes y ataques de animales callejeros.<\/p>\n<p>Desparasitaci\u00f3n y Vacunaci\u00f3n: Se ofrecer\u00e1n servicios de desparasitaci\u00f3n y vacunaci\u00f3n para prevenir enfermedades y garantizar una vida saludable.<\/p>\n<p>Atenci\u00f3n para Animales Heridos: El micro-hospital proporcionar\u00e1 atenci\u00f3n de emergencia para animales v\u00edctimas de accidentes, asegurando que reciban atenci\u00f3n m\u00e9dica adecuada y oportuna.<\/p>\n<p>Adem\u00e1s de estos servicios esenciales, Molero ha anunciado una iniciativa \u00fanica: la restauraci\u00f3n de una Ambulancia Canina y Felina. Esta ambulancia especializada permitir\u00e1 el transporte r\u00e1pido y seguro de animales heridos o enfermos a las instalaciones veterinarias adecuadas.<\/p>\n<p>Para llevar estos servicios directamente a la comunidad, el proyecto tambi\u00e9n incluye la coordinaci\u00f3n y mejora continua de los M\u00f3viles de Atenci\u00f3n Veterinaria que recorrer\u00e1n barrios y distritos seg\u00fan cronogramas previamente anunciados en medios de comunicaci\u00f3n locales. Esto facilita el acceso de los due\u00f1os de mascotas a servicios de calidad sin tener que desplazarse largas distancias.<\/p>\n<p>Este proyecto refleja el compromiso de Jany Molero con la comunidad y su visi\u00f3n de una ciudad donde todos, incluyendo nuestras queridas mascotas y animales callejeros, tengan la oportunidad de llevar una vida plena y saludable.<\/p>\n","protected":false},"excerpt":{"rendered":"<p>El candidato a la intendencia, Alejandro Molero, ha presentado un proyecto innovador destinado a promover el bienestar de las mascotas y &#8230;<\/p>\n","protected":false},"author":7,"featured_media":126765,"comment_status":"open","ping_status":"open","sticky":false,"template":"","format":"standard","meta":{"footnotes":""},"categories":[5,7],"tags":[],"class_list":["post-126764","post","type-post","status-publish","format-standard","has-post-thumbnail","hentry","category-actualidad","category-politica"],"_links":{"self":[{"href":"https:\/\/vinasfm.com\/noticias\/wp-json\/wp\/v2\/posts\/126764","targetHints":{"allow":["GET"]}}],"collection":[{"href":"https:\/\/vinasfm.com\/noticias\/wp-json\/wp\/v2\/posts"}],"about":[{"href":"https:\/\/vinasfm.com\/noticias\/wp-json\/wp\/v2\/types\/post"}],"author":[{"embeddable":true,"href":"https:\/\/vinasfm.com\/noticias\/wp-json\/wp\/v2\/users\/7"}],"replies":[{"embeddable":true,"href":"https:\/\/vinasfm.com\/noticias\/wp-json\/wp\/v2\/comments?post=126764"}],"version-history":[{"count":1,"href":"https:\/\/vinasfm.com\/noticias\/wp-json\/wp\/v2\/posts\/126764\/revisions"}],"predecessor-version":[{"id":126767,"href":"https:\/\/vinasfm.com\/noticias\/wp-json\/wp\/v2\/posts\/126764\/revisions\/126767"}],"wp:featuredmedia":[{"embeddable":true,"href":"https:\/\/vinasfm.com\/noticias\/wp-json\/wp\/v2\/media\/126765"}],"wp:attachment":[{"href":"https:\/\/vinasfm.com\/noticias\/wp-json\/wp\/v2\/media?parent=126764"}],"wp:term":[{"taxonomy":"category","embeddable":true,"href":"https:\/\/vinasfm.com\/noticias\/wp-json\/wp\/v2\/categories?post=126764"},{"taxonomy":"post_tag","embeddable":true,"href":"https:\/\/vinasfm.com\/noticias\/wp-json\/wp\/v2\/tags?post=126764"}],"curies":[{"name":"wp","href":"https:\/\/api.w.org\/{rel}","templated":true}]}}