{"id":126760,"date":"2023-09-07T09:52:15","date_gmt":"2023-09-07T12:52:15","guid":{"rendered":"https:\/\/vinasfm.com\/noticias\/?p=126760"},"modified":"2023-09-07T09:52:15","modified_gmt":"2023-09-07T12:52:15","slug":"ya-llega-la-primera-expo-agroalimentaria","status":"publish","type":"post","link":"https:\/\/vinasfm.com\/noticias\/ya-llega-la-primera-expo-agroalimentaria\/","title":{"rendered":"YA LLEGA LA PRIMERA EXPO AGROALIMENTARIA"},"content":{"rendered":"<p>Su fin es promocionar las carreras t\u00e9cnicas con las que cuenta el departamento.<\/p>\n<p><em><strong>\u00abLa idea es realizar la oferta educativa a trav\u00e9s de esta expo, como as\u00ed tambi\u00e9n, fortalecer la capacitaci\u00f3n continua tanto de egresados, profesionales, estudiantes como de productores o encargados de empresas que se encuentran en el medio, orientados a la industria agro o a los alimentos\u00bb.\u00a0\u00a0<\/strong><\/em>Sostuvo Gabriela Mellado, Coordinadora de Talleres para Adultos Mayores.<\/p>\n<p><em>La expo se llevar\u00e1 a cabo el dia viernes 8 de Septiembre, a partir de las 8 de la ma\u00f1ana en el Polideportivo Municipal, Mercado Municipal y el ITU.<\/em><\/p>\n<p>A su vez, Mauro Torres, rector de IES,\u00a0mencion\u00f3 que esta una iniciativa por parte de la carrera de tecnicatura superior en enolog\u00eda e industria de los alimentos. <em><strong>\u00abEl objetivo es visibilizar lo que estamos produciendo en Alvear en materia de agro-alimentos\u00bb. <\/strong><\/em>La misma constar\u00e1 de 3 instancias, en la ma\u00f1ana estar\u00e1n las jornadas de capacitaci\u00f3n sobre negocios digitales, comercio exterior y soberan\u00eda alimentara, se llevaran a cabo en el polideportivo municipal, orientada a escuelas secundarias y estudiantes de nivel superior como as\u00ed tambi\u00e9n peque\u00f1os comerciantes, industriales que quieran empezar a pensar en la posibilidad de exportar o de usar herramientas digitales para potenciar su negocio.<\/p>\n<p>En la tarde, a partir de las 14:30 hs ofrecen talleres sensoriales y capacitaciones en el instituto tecnol\u00f3gico universitario. A partir de las 18 hs la Expo Agro, en donde habr\u00e1 por un lado exposici\u00f3n por parte de empresas y por otro una experiencia sensorial por parte de los estudiantes de enolog\u00eda, quienes est\u00e1n vendiendo entradas a un valor de $2.500.<\/p>\n<p><em><strong>\u00abEsta expo es posible gracias al acompa\u00f1amiento de muchas instituciones como la municipalidad de General Alvear, pero tambi\u00e9n de otras cuya sinergia ha sido fundamental para poder organizar el evento\u00bb.<\/strong><\/em><\/p>\n<p>Por su parte Pablo Longo, Director de Desarrollo Econ\u00f3mico e Innovaci\u00f3n, destac\u00f3 <em><strong>\u00abEs una muy linda iniciativa, una buena oportunidad para visibilizar todas las carreras y tambi\u00e9n para potenciar a nuestros emprendedores, productores y artesanos quienes estar\u00e1n exponiendo en la tarde, en el mercado municipal, que se puso a disposici\u00f3n de todo el sector para poder mostrar nuestras producciones y llegar a mejores ventas\u00bb.<\/strong><\/em><strong>\u00a0<\/strong><\/p>\n<p>Por otra parte, Longo invit\u00f3 a cada emprendedor a participar de esta primera expo agroalimentaria, adem\u00e1s, menciono que piensas seguir realiz\u00e1ndola y no descartan la posibilidad de que en un futuro, vengan de otros departamentos.<\/p>\n<p>&nbsp;<\/p>\n<p>&nbsp;<\/p>\n<p><a href=\"https:\/\/vinasfm.com\/noticias\/wp-content\/uploads\/2023\/09\/ccbc084c-bf2a-4c61-9954-b95c5bb3bd26.jpg\"><img loading=\"lazy\" decoding=\"async\" class=\"alignnone wp-image-126726\" src=\"https:\/\/vinasfm.com\/noticias\/wp-content\/uploads\/2023\/09\/ccbc084c-bf2a-4c61-9954-b95c5bb3bd26.jpg\" alt=\"\" width=\"500\" height=\"500\" srcset=\"https:\/\/vinasfm.com\/noticias\/wp-content\/uploads\/2023\/09\/ccbc084c-bf2a-4c61-9954-b95c5bb3bd26.jpg 720w, https:\/\/vinasfm.com\/noticias\/wp-content\/uploads\/2023\/09\/ccbc084c-bf2a-4c61-9954-b95c5bb3bd26-300x300.jpg 300w, https:\/\/vinasfm.com\/noticias\/wp-content\/uploads\/2023\/09\/ccbc084c-bf2a-4c61-9954-b95c5bb3bd26-150x150.jpg 150w, https:\/\/vinasfm.com\/noticias\/wp-content\/uploads\/2023\/09\/ccbc084c-bf2a-4c61-9954-b95c5bb3bd26-360x360.jpg 360w\" sizes=\"auto, (max-width: 500px) 100vw, 500px\" \/><\/a><\/p>\n<p><a href=\"https:\/\/vinasfm.com\/noticias\/wp-content\/uploads\/2023\/09\/be6de036-383b-4a58-97fb-23b56d9a1c12.jpg\"><img loading=\"lazy\" decoding=\"async\" class=\"alignnone wp-image-126725\" src=\"https:\/\/vinasfm.com\/noticias\/wp-content\/uploads\/2023\/09\/be6de036-383b-4a58-97fb-23b56d9a1c12.jpg\" alt=\"\" width=\"500\" height=\"500\" srcset=\"https:\/\/vinasfm.com\/noticias\/wp-content\/uploads\/2023\/09\/be6de036-383b-4a58-97fb-23b56d9a1c12.jpg 720w, https:\/\/vinasfm.com\/noticias\/wp-content\/uploads\/2023\/09\/be6de036-383b-4a58-97fb-23b56d9a1c12-300x300.jpg 300w, https:\/\/vinasfm.com\/noticias\/wp-content\/uploads\/2023\/09\/be6de036-383b-4a58-97fb-23b56d9a1c12-150x150.jpg 150w, https:\/\/vinasfm.com\/noticias\/wp-content\/uploads\/2023\/09\/be6de036-383b-4a58-97fb-23b56d9a1c12-360x360.jpg 360w\" sizes=\"auto, (max-width: 500px) 100vw, 500px\" \/><\/a><\/p>\n<p><a href=\"https:\/\/vinasfm.com\/noticias\/wp-content\/uploads\/2023\/09\/b8c3e8ba-51e4-4c60-be54-29e4ec734222.jpg\"><img loading=\"lazy\" decoding=\"async\" class=\"alignnone wp-image-126724\" src=\"https:\/\/vinasfm.com\/noticias\/wp-content\/uploads\/2023\/09\/b8c3e8ba-51e4-4c60-be54-29e4ec734222.jpg\" alt=\"\" width=\"500\" height=\"500\" srcset=\"https:\/\/vinasfm.com\/noticias\/wp-content\/uploads\/2023\/09\/b8c3e8ba-51e4-4c60-be54-29e4ec734222.jpg 720w, https:\/\/vinasfm.com\/noticias\/wp-content\/uploads\/2023\/09\/b8c3e8ba-51e4-4c60-be54-29e4ec734222-300x300.jpg 300w, https:\/\/vinasfm.com\/noticias\/wp-content\/uploads\/2023\/09\/b8c3e8ba-51e4-4c60-be54-29e4ec734222-150x150.jpg 150w, https:\/\/vinasfm.com\/noticias\/wp-content\/uploads\/2023\/09\/b8c3e8ba-51e4-4c60-be54-29e4ec734222-360x360.jpg 360w\" sizes=\"auto, (max-width: 500px) 100vw, 500px\" \/><\/a><\/p>\n<h6>Danilo Montiel<\/h6>\n","protected":false},"excerpt":{"rendered":"<p>Su fin es promocionar las carreras t\u00e9cnicas con las que cuenta el departamento. \u00abLa idea es realizar la oferta educativa a &#8230;<\/p>\n","protected":false},"author":7,"featured_media":126729,"comment_status":"open","ping_status":"open","sticky":false,"template":"","format":"standard","meta":{"footnotes":""},"categories":[1],"tags":[],"class_list":["post-126760","post","type-post","status-publish","format-standard","has-post-thumbnail","hentry","category-fmvinas"],"_links":{"self":[{"href":"https:\/\/vinasfm.com\/noticias\/wp-json\/wp\/v2\/posts\/126760","targetHints":{"allow":["GET"]}}],"collection":[{"href":"https:\/\/vinasfm.com\/noticias\/wp-json\/wp\/v2\/posts"}],"about":[{"href":"https:\/\/vinasfm.com\/noticias\/wp-json\/wp\/v2\/types\/post"}],"author":[{"embeddable":true,"href":"https:\/\/vinasfm.com\/noticias\/wp-json\/wp\/v2\/users\/7"}],"replies":[{"embeddable":true,"href":"https:\/\/vinasfm.com\/noticias\/wp-json\/wp\/v2\/comments?post=126760"}],"version-history":[{"count":2,"href":"https:\/\/vinasfm.com\/noticias\/wp-json\/wp\/v2\/posts\/126760\/revisions"}],"predecessor-version":[{"id":126781,"href":"https:\/\/vinasfm.com\/noticias\/wp-json\/wp\/v2\/posts\/126760\/revisions\/126781"}],"wp:featuredmedia":[{"embeddable":true,"href":"https:\/\/vinasfm.com\/noticias\/wp-json\/wp\/v2\/media\/126729"}],"wp:attachment":[{"href":"https:\/\/vinasfm.com\/noticias\/wp-json\/wp\/v2\/media?parent=126760"}],"wp:term":[{"taxonomy":"category","embeddable":true,"href":"https:\/\/vinasfm.com\/noticias\/wp-json\/wp\/v2\/categories?post=126760"},{"taxonomy":"post_tag","embeddable":true,"href":"https:\/\/vinasfm.com\/noticias\/wp-json\/wp\/v2\/tags?post=126760"}],"curies":[{"name":"wp","href":"https:\/\/api.w.org\/{rel}","templated":true}]}}