{"id":126750,"date":"2023-09-07T08:08:39","date_gmt":"2023-09-07T11:08:39","guid":{"rendered":"https:\/\/vinasfm.com\/noticias\/?p=126750"},"modified":"2023-09-07T10:53:08","modified_gmt":"2023-09-07T13:53:08","slug":"suarez-anuncio-el-lanzamiento-del-programa-ipv-mi-casa","status":"publish","type":"post","link":"https:\/\/vinasfm.com\/noticias\/suarez-anuncio-el-lanzamiento-del-programa-ipv-mi-casa\/","title":{"rendered":"SUAREZ ANUNCI\u00d3 EL LANZAMIENTO DEL PROGRAMA IPV MI CASA"},"content":{"rendered":"<p><strong>A partir del 11 de septiembre, 2.154 familias tendr\u00e1n la oportunidad de inscribirse en 61 emprendimientos distribuidos en diferentes departamentos de la provincia.<\/strong><\/p>\n<p>El programa IPV Mi Casa ya es una realidad para las familias mendocinas que ans\u00edan una vivienda propia. Mediante una modalidad innovadora, se sortear\u00e1n 2.154 viviendas de diversas tipolog\u00edas: departamentos, d\u00faplex y viviendas individuales de 1, 2 y hasta 3 dormitorios.<\/p>\n<p>Estos 61 emprendimientos est\u00e1n ubicados en zonas urbanas y de mucho crecimiento inmobiliario de los departamentos de Ciudad, Las Heras, Guaymall\u00e9n, Godoy Cruz, Lujan de Cuyo, Maip\u00fa, San Rafael, San Mart\u00edn, Tunuy\u00e1n, General Alvear, Jun\u00edn y Rivadavia.<\/p>\n<p>Las obras poseen diversos niveles de avance y muchas de ellas podr\u00e1n ser entregados antes de que finalice 2023.<\/p>\n<p>El anuncio fue realizado por el Gobernador Rodolfo Suarez; el ministro de Planificaci\u00f3n e Infraestructura P\u00fablica, Mario Isgro, y la titular del Instituto Provincial de la Vivienda (IPV), Mar\u00eda Marta Ontanilla, en el barrio Filiberto, de Godoy Cruz. Lo hicieron acompa\u00f1ados por el intendente de la comuna, Tadeo Garc\u00eda Zalazar, y el senador nacional Alfredo Cornejo.<\/p>\n<p><strong><em>\u201cHoy, en esta Argentina, es muy dif\u00edcil acceder a una vivienda si no est\u00e1 el Estado al lado, si no trabajamos en forma conjunta. Y para nosotros es una de las pol\u00edticas p\u00fablicas m\u00e1s importantes que llevamos adelante, con ya casi 4.000 viviendas entregadas y m\u00e1s de 3.800 en ejecuci\u00f3n y 2.000 a licitarse. Y esto lo empez\u00f3 Alfredo Cornejo\u201d<\/em><\/strong>, sostuvo el Gobernador en su discurso.<\/p>\n<p>Suarez record\u00f3 que cuando el actual senador nacional asumi\u00f3 la gobernaci\u00f3n, en 2015, <em><strong>\u201cpr\u00e1cticamente no hab\u00eda construcci\u00f3n de viviendas de parte del Estado de Mendoza\u201d.<\/strong><\/em> Sum\u00f3 que a la fecha <strong><em>\u201cel Estado nacional tambi\u00e9n abandon\u00f3 la construcci\u00f3n de soluciones habitacionales en la provincia\u201d<\/em><\/strong> y sostuvo que, pese a ello, <strong><em>\u201cseguimos llevando esta pol\u00edtica adelante\u201d.<\/em><\/strong><\/p>\n<p>Sobre el lanzamiento del nuevo programa de viviendas, el mandatario provincial explic\u00f3 que las inscripciones quedar\u00e1n abiertas para todos los emprendimientos que se est\u00e1n ejecutando mediante IPV Mi Casa y tambi\u00e9n de aquellos cuyas obras se iniciar\u00e1n en breve.<\/p>\n<p>Esta fecha est\u00e1 prevista para el 11 de setiembre, para que los interesados puedan conocer cada uno de los emprendimientos en profundidad y tomar una decisi\u00f3n en base a sus necesidades.<\/p>\n<p>Para finalizar, Suarez destac\u00f3: <em><strong>\u201cEstos son hechos. Nosotros, como bien decimos, hablamos con hechos. As\u00ed que ojal\u00e1 cambien las cosas en el pa\u00eds de una vez por todas. Yo les aseguro que cuando eso pase ,en Mendoza vamos a estar 100 veces mejor. Sigamos trabajando juntos\u201d.<\/strong><\/em><\/p>\n<p><a href=\"https:\/\/vinasfm.com\/noticias\/wp-content\/uploads\/2023\/09\/DSC_6907-1-700x467-1.jpg\"><img loading=\"lazy\" decoding=\"async\" class=\"alignnone wp-image-126752\" src=\"https:\/\/vinasfm.com\/noticias\/wp-content\/uploads\/2023\/09\/DSC_6907-1-700x467-1.jpg\" alt=\"\" width=\"500\" height=\"334\" srcset=\"https:\/\/vinasfm.com\/noticias\/wp-content\/uploads\/2023\/09\/DSC_6907-1-700x467-1.jpg 700w, https:\/\/vinasfm.com\/noticias\/wp-content\/uploads\/2023\/09\/DSC_6907-1-700x467-1-300x200.jpg 300w\" sizes=\"auto, (max-width: 500px) 100vw, 500px\" \/><\/a><\/p>\n<h2><strong>Modalidad de inscripci\u00f3n<\/strong><\/h2>\n<p>En esta oportunidad, el IPV instrumentar\u00e1 una modalidad novedosa en la pol\u00edtica de vivienda de Mendoza. Las inscripciones se realizar\u00e1n de manera centralizada a trav\u00e9s del sitio oficial del IPV, mientras que la selecci\u00f3n de los postulantes ser\u00e1 por sorteo.<\/p>\n<p>Las personas interesadas en adquirir algunas de las 2.154 unidades deber\u00e1n solicitar inscripci\u00f3n a trav\u00e9s del\u00a0<a href=\"https:\/\/www.ipvmendoza.gov.ar\/programa-ipv-mi-casa\/\">sitio del IPV<\/a>. Una vez completado el formulario, quienes se postulan recibir\u00e1n un n\u00famero con el cual participar\u00e1n en los futuros sorteos.<\/p>\n<p>Cabe aclarar que solo podr\u00e1n inscribirse en un \u00fanico emprendimiento y que el tr\u00e1mite de inscripci\u00f3n finaliza cuando se completa el formulario correspondiente.<\/p>\n<p>Los sorteos que definir\u00e1n el universo de postulantes a evaluar se realizar\u00e1n mediante la Loter\u00eda de la Provincia junto con el Instituto Provincial de Juegos y Casinos. En ese acto se elegir\u00e1 un titular y dos suplentes por cada emprendimiento, los cuales ser\u00e1n evaluados social y financieramente en base a la documentaci\u00f3n presentada.<\/p>\n<p>Cada avance en el proceso, desde la inscripci\u00f3n hasta la adjudicaci\u00f3n y entrega de las viviendas, ser\u00e1 comunicado a los postulantes mediante correo electr\u00f3nico a la direcci\u00f3n de\u00a0<em>e-mail\u00a0<\/em>que hayan declarado.<\/p>\n<p><a href=\"https:\/\/vinasfm.com\/noticias\/wp-content\/uploads\/2023\/09\/DSC_6968-1-700x432-1.jpg\"><img loading=\"lazy\" decoding=\"async\" class=\"alignnone wp-image-126753\" src=\"https:\/\/vinasfm.com\/noticias\/wp-content\/uploads\/2023\/09\/DSC_6968-1-700x432-1.jpg\" alt=\"\" width=\"500\" height=\"309\" srcset=\"https:\/\/vinasfm.com\/noticias\/wp-content\/uploads\/2023\/09\/DSC_6968-1-700x432-1.jpg 700w, https:\/\/vinasfm.com\/noticias\/wp-content\/uploads\/2023\/09\/DSC_6968-1-700x432-1-300x185.jpg 300w\" sizes=\"auto, (max-width: 500px) 100vw, 500px\" \/><\/a><\/p>\n<h2><strong>Qui\u00e9nes pueden inscribirse<\/strong><\/h2>\n<p>Podr\u00e1n inscribirse como postulante a las viviendas del programa IPV Mi Casa personas con grupo familiar a cargo. Tambi\u00e9n podr\u00e1n hacerlo personas solas mayores de 18 a\u00f1os que cumplan con los requisitos sociales y financieros solicitados.<\/p>\n<p>Adem\u00e1s, no deber\u00e1n poseer otra vivienda o inmuebles a su nombre ni haber sido beneficiario de cr\u00e9ditos hipotecarios otorgados por el IPV o por cualquier organismo estatal.<\/p>\n<p>Los ingresos necesarios var\u00edan entre 3 y 8 Salarios M\u00ednimo, Vital y M\u00f3vil. En caso de que los solicitantes posean ingresos menores, podr\u00e1n presentar un fiador, el cual deber\u00e1 certificar los ingresos requeridos.<\/p>\n<p>Por \u00faltimo, a quienes resulten preadjudicados se les solicitar\u00e1 un aporte de aproximadamente $3 millones, que deber\u00e1n pagar previo a la entrega de la vivienda. Este aporte es variable, ya que se calcula en base al valor del SMVyM al momento de recibir su casa y equivale a 25 salarios.<\/p>\n<h2><strong>Condiciones del cr\u00e9dito<\/strong><\/h2>\n<p>Las viviendas difieren del valor de cada unidad, ya que poseen distintas caracter\u00edsticas en cuanto a dise\u00f1o, tama\u00f1o, ubicaci\u00f3n y sistema constructivo. Sin embargo, las condiciones crediticias son las mismas en todos los casos.<\/p>\n<p>El plazo de amortizaci\u00f3n de los cr\u00e9ditos es de hasta 360 cuotas, es decir 30 a\u00f1os. Este plazo podr\u00e1 variar en funci\u00f3n al monto de cuota que se establezca para cada adjudicatario, el cual depender\u00e1 de sus ingresos, teniendo en cuenta que no se le podr\u00e1 afectar m\u00e1s de 20% de los mismos.<\/p>\n<p>El monto de la cuota inicial aproximado ser\u00e1 de $70.000, calculado en base a un ingreso de tres salarios m\u00ednimo vital y m\u00f3vil, que es el ingreso m\u00ednimo permitido para acceder al programa.<\/p>\n<p>Es importante destacar que la tasa a aplicar es de 0% y que las cuotas ser\u00e1n ajustadas a lo largo del plan de amortizaci\u00f3n en funci\u00f3n del Coeficiente de Variaci\u00f3n Salarial (CVS).<\/p>\n","protected":false},"excerpt":{"rendered":"<p>A partir del 11 de septiembre, 2.154 familias tendr\u00e1n la oportunidad de inscribirse en 61 emprendimientos distribuidos en diferentes departamentos de &#8230;<\/p>\n","protected":false},"author":7,"featured_media":126751,"comment_status":"open","ping_status":"open","sticky":false,"template":"","format":"standard","meta":{"footnotes":""},"categories":[5,67],"tags":[],"class_list":["post-126750","post","type-post","status-publish","format-standard","has-post-thumbnail","hentry","category-actualidad","category-ipv"],"_links":{"self":[{"href":"https:\/\/vinasfm.com\/noticias\/wp-json\/wp\/v2\/posts\/126750","targetHints":{"allow":["GET"]}}],"collection":[{"href":"https:\/\/vinasfm.com\/noticias\/wp-json\/wp\/v2\/posts"}],"about":[{"href":"https:\/\/vinasfm.com\/noticias\/wp-json\/wp\/v2\/types\/post"}],"author":[{"embeddable":true,"href":"https:\/\/vinasfm.com\/noticias\/wp-json\/wp\/v2\/users\/7"}],"replies":[{"embeddable":true,"href":"https:\/\/vinasfm.com\/noticias\/wp-json\/wp\/v2\/comments?post=126750"}],"version-history":[{"count":1,"href":"https:\/\/vinasfm.com\/noticias\/wp-json\/wp\/v2\/posts\/126750\/revisions"}],"predecessor-version":[{"id":126754,"href":"https:\/\/vinasfm.com\/noticias\/wp-json\/wp\/v2\/posts\/126750\/revisions\/126754"}],"wp:featuredmedia":[{"embeddable":true,"href":"https:\/\/vinasfm.com\/noticias\/wp-json\/wp\/v2\/media\/126751"}],"wp:attachment":[{"href":"https:\/\/vinasfm.com\/noticias\/wp-json\/wp\/v2\/media?parent=126750"}],"wp:term":[{"taxonomy":"category","embeddable":true,"href":"https:\/\/vinasfm.com\/noticias\/wp-json\/wp\/v2\/categories?post=126750"},{"taxonomy":"post_tag","embeddable":true,"href":"https:\/\/vinasfm.com\/noticias\/wp-json\/wp\/v2\/tags?post=126750"}],"curies":[{"name":"wp","href":"https:\/\/api.w.org\/{rel}","templated":true}]}}