{"id":126745,"date":"2023-09-06T11:54:45","date_gmt":"2023-09-06T14:54:45","guid":{"rendered":"https:\/\/vinasfm.com\/noticias\/?p=126745"},"modified":"2023-09-07T09:56:58","modified_gmt":"2023-09-07T12:56:58","slug":"salario-minimo-municipal-la-nueva-propuesta-de-parisi-ilardo","status":"publish","type":"post","link":"https:\/\/vinasfm.com\/noticias\/salario-minimo-municipal-la-nueva-propuesta-de-parisi-ilardo\/","title":{"rendered":"SALARIO M\u00cdNIMO MUNICIPAL: LA NUEVA PROPUESTA DE PARISI-ILARDO"},"content":{"rendered":"<p><strong>A trav\u00e9s de un nuevo proyecto en la Legislatura, y con su candidato a vice, Lucas Ilardo, quieren crear un Consejo Provincial del Salario Municipal para recomponer el sueldo de los trabajadores de los departamentos. Est\u00e1 previsto que haya asistencia financiera con recursos provinciales. La medida podr\u00eda beneficiar a m\u00e1s de 45.000 trabajadores. Massa impulsa un proyecto en el mismo sentido.<\/strong><\/p>\n<p>Omar Parisi y Lucas Ilardo (Frente Eleg\u00ed) explicaron que el personal municipal es el sector de trabajo registrado con menor poder adquisitivo, <em><strong>\u201cestamos ac\u00e1 hoy porque no acepto, habiendo sido intendente y conociendo el trabajo que hacen los empleados municipales que sigan cobrando los sueldos que tienen hoy que no cubren m\u00ednimamente las necesidades de la familia municipal. Estamos hablando de sueldos b\u00e1sicos de 40 mil pesos\u201d<\/strong><\/em>, remarc\u00f3 Parisi en conferencia de prensa.<\/p>\n<p>El mismo dirigente analiz\u00f3: \u201c<strong><em>Queremos abordar de manera urgente esta problem\u00e1tica, presentando en estos d\u00edas un proyecto de ley que crea el Consejo provincial del salario municipal\u201d.<\/em><\/strong> El ente establecer\u00e1 un piso salarial para todos los trabajadores municipales de la provincia. Estar\u00e1 formado por: un representante del Gobierno Provincial, uno de los municipios que adhieran a la ley, de los sindicatos correspondientes al sector de segundo grado.<\/p>\n<p>Consultados por el origen de los fondos el candidato a gobernador cont\u00f3 que <em><strong>\u201chay municipios que tienen hasta tres n\u00f3minas salariales guardadas, nosotros vamos a aportar tambi\u00e9n fondos coparticipables y la mayor recaudaci\u00f3n, y est\u00e1 tambi\u00e9n la Ley Nacional que est\u00e1 impulsando Sergio Massa de un fondo nacional para tener un sueldo municipal que tambi\u00e9n sea m\u00ednimo y b\u00e1sico para todo el pa\u00eds. Entonces, confluye y tenemos la misma idea, avanzamos en el mismo sentido quien es candidato a presidente y va a ser presidente de la Argentina, con lo cual tambi\u00e9n vamos a tener ayuda para que esto sea una realidad\u201d<\/strong><\/em>, resumi\u00f3.<\/p>\n<p><a href=\"https:\/\/vinasfm.com\/noticias\/wp-content\/uploads\/2023\/09\/3d17d65c-665c-47fa-8596-ed5fe2823c42.jpg\"><img loading=\"lazy\" decoding=\"async\" class=\"alignnone wp-image-126748\" src=\"https:\/\/vinasfm.com\/noticias\/wp-content\/uploads\/2023\/09\/3d17d65c-665c-47fa-8596-ed5fe2823c42-1024x576.jpg\" alt=\"\" width=\"500\" height=\"281\" srcset=\"https:\/\/vinasfm.com\/noticias\/wp-content\/uploads\/2023\/09\/3d17d65c-665c-47fa-8596-ed5fe2823c42-1024x576.jpg 1024w, https:\/\/vinasfm.com\/noticias\/wp-content\/uploads\/2023\/09\/3d17d65c-665c-47fa-8596-ed5fe2823c42-300x169.jpg 300w, https:\/\/vinasfm.com\/noticias\/wp-content\/uploads\/2023\/09\/3d17d65c-665c-47fa-8596-ed5fe2823c42-768x432.jpg 768w, https:\/\/vinasfm.com\/noticias\/wp-content\/uploads\/2023\/09\/3d17d65c-665c-47fa-8596-ed5fe2823c42-1536x864.jpg 1536w, https:\/\/vinasfm.com\/noticias\/wp-content\/uploads\/2023\/09\/3d17d65c-665c-47fa-8596-ed5fe2823c42-750x420.jpg 750w, https:\/\/vinasfm.com\/noticias\/wp-content\/uploads\/2023\/09\/3d17d65c-665c-47fa-8596-ed5fe2823c42-1140x641.jpg 1140w, https:\/\/vinasfm.com\/noticias\/wp-content\/uploads\/2023\/09\/3d17d65c-665c-47fa-8596-ed5fe2823c42.jpg 1600w\" sizes=\"auto, (max-width: 500px) 100vw, 500px\" \/><\/a><\/p>\n<p>Adem\u00e1s del salario b\u00e1sico tambi\u00e9n determinar\u00e1 pautas generales y criterios en lo relativo a licencias, adicionales, asignaciones y subsidios de los trabajadores municipales. Producir\u00e1 informes y estad\u00edsticas sobre el empleo para mejorar las condiciones en las que se trabaja en el \u00e1mbito municipal.<br \/>\nLos derechos que propone la Ley abarcar\u00e1n a todas las personas que prestan servicios remunerados en las municipalidades o en organismos p\u00fablicos aut\u00e1rquicos vinculados funcionalmente con una o m\u00e1s municipalidades de la provincia de Mendoza. Quedan por fuera del alcance las autoridades electivas de los departamentos deliberativo y ejecutivo de las municipalidades; secretarios, subsecretarios y funcionarios con cargos superiores.<\/p>\n<p>Los recursos ser\u00e1n financiados con porcentajes de los fondos coparticipables, (Ley 8127), con el 50 % de la mayor recaudaci\u00f3n (diferencia entre fondos recaudados de manera efectiva vs fondos estimados en el presupuesto anual), asignaciones del presupuesto provincial, y otros incentivos o aportes que fije la reglamentaci\u00f3n de la norma.<\/p>\n<p>Acompa\u00f1aron el anuncio candidatos a intendentes del Frente Eleg\u00ed y trabajadores municipales.<\/p>\n","protected":false},"excerpt":{"rendered":"<p>A trav\u00e9s de un nuevo proyecto en la Legislatura, y con su candidato a vice, Lucas Ilardo, quieren crear un Consejo &#8230;<\/p>\n","protected":false},"author":7,"featured_media":126746,"comment_status":"open","ping_status":"open","sticky":false,"template":"","format":"standard","meta":{"footnotes":""},"categories":[5,7],"tags":[],"class_list":["post-126745","post","type-post","status-publish","format-standard","has-post-thumbnail","hentry","category-actualidad","category-politica"],"_links":{"self":[{"href":"https:\/\/vinasfm.com\/noticias\/wp-json\/wp\/v2\/posts\/126745","targetHints":{"allow":["GET"]}}],"collection":[{"href":"https:\/\/vinasfm.com\/noticias\/wp-json\/wp\/v2\/posts"}],"about":[{"href":"https:\/\/vinasfm.com\/noticias\/wp-json\/wp\/v2\/types\/post"}],"author":[{"embeddable":true,"href":"https:\/\/vinasfm.com\/noticias\/wp-json\/wp\/v2\/users\/7"}],"replies":[{"embeddable":true,"href":"https:\/\/vinasfm.com\/noticias\/wp-json\/wp\/v2\/comments?post=126745"}],"version-history":[{"count":2,"href":"https:\/\/vinasfm.com\/noticias\/wp-json\/wp\/v2\/posts\/126745\/revisions"}],"predecessor-version":[{"id":126784,"href":"https:\/\/vinasfm.com\/noticias\/wp-json\/wp\/v2\/posts\/126745\/revisions\/126784"}],"wp:featuredmedia":[{"embeddable":true,"href":"https:\/\/vinasfm.com\/noticias\/wp-json\/wp\/v2\/media\/126746"}],"wp:attachment":[{"href":"https:\/\/vinasfm.com\/noticias\/wp-json\/wp\/v2\/media?parent=126745"}],"wp:term":[{"taxonomy":"category","embeddable":true,"href":"https:\/\/vinasfm.com\/noticias\/wp-json\/wp\/v2\/categories?post=126745"},{"taxonomy":"post_tag","embeddable":true,"href":"https:\/\/vinasfm.com\/noticias\/wp-json\/wp\/v2\/tags?post=126745"}],"curies":[{"name":"wp","href":"https:\/\/api.w.org\/{rel}","templated":true}]}}