{"id":126739,"date":"2023-09-06T11:32:05","date_gmt":"2023-09-06T14:32:05","guid":{"rendered":"https:\/\/vinasfm.com\/noticias\/?p=126739"},"modified":"2023-09-07T09:57:26","modified_gmt":"2023-09-07T12:57:26","slug":"autoridades-policiales-confirmaron-estafas-con-cheques-falsos","status":"publish","type":"post","link":"https:\/\/vinasfm.com\/noticias\/autoridades-policiales-confirmaron-estafas-con-cheques-falsos\/","title":{"rendered":"AUTORIDADES POLICIALES CONFIRMARON ESTAFAS CON CHEQUES FALSOS"},"content":{"rendered":"<p style=\"text-align: left;\"><strong>En el dia de ayer se tom\u00f3 conocimiento de un operativo que termin\u00f3 con dos personas detenidas, al respecto el Comisario Iv\u00e1n Berm\u00fadez brind\u00f3 detalles.<\/strong><\/p>\n<p>Se llev\u00f3 a cabo el dia de ayer, en San Rafael, <strong>un procedimiento donde se detecta una compra por una gran cantidad de dinero, quedaron aprehendidos dos sujetos oriundos de La Pampa y C\u00f3rdoba por la constataci\u00f3n de que la misma fue realizada con cheques ap\u00f3crifos.<\/strong><\/p>\n<p>Entre la documentaci\u00f3n secuestrada se <strong>encuentra una boleta procedente de General Alvear, por lo que personal de San Rafael se comunica con el titular de Comisar\u00eda 14, quienes proceden a comunicarse con el ciudadano que result\u00f3 victima de esta estafa.<\/strong><\/p>\n<p>Los hombres fueron identificados como <strong>Jorge Berg\u00e9s \u2013con domicilio en General Pico- y Gustavo Lara \u2013domiciliado en General Roca, provincia de C\u00f3rdoba-.<\/strong><\/p>\n<p>Berm\u00fadez, detallo que los ciudadanos que realizaban las estafas <strong>se movilizaban en un Chevrolet Cruze, que se encuentra secuestrado,<\/strong> los mismos contaban con cheques sueltos por diferentes montos que fueron utilizados para cometer el il\u00edcito. Adem\u00e1s, <strong>recomend\u00f3 que si alg\u00fan ciudadano realiz\u00f3 alguna venta a estos sujetos, se acerque hasta la Comisar\u00eda 14.<\/strong><\/p>\n<p>&nbsp;<\/p>\n","protected":false},"excerpt":{"rendered":"<p>En el dia de ayer se tom\u00f3 conocimiento de un operativo que termin\u00f3 con dos personas detenidas, al respecto el Comisario &#8230;<\/p>\n","protected":false},"author":7,"featured_media":126741,"comment_status":"open","ping_status":"open","sticky":false,"template":"","format":"standard","meta":{"footnotes":""},"categories":[5,4],"tags":[],"class_list":["post-126739","post","type-post","status-publish","format-standard","has-post-thumbnail","hentry","category-actualidad","category-policiales"],"_links":{"self":[{"href":"https:\/\/vinasfm.com\/noticias\/wp-json\/wp\/v2\/posts\/126739","targetHints":{"allow":["GET"]}}],"collection":[{"href":"https:\/\/vinasfm.com\/noticias\/wp-json\/wp\/v2\/posts"}],"about":[{"href":"https:\/\/vinasfm.com\/noticias\/wp-json\/wp\/v2\/types\/post"}],"author":[{"embeddable":true,"href":"https:\/\/vinasfm.com\/noticias\/wp-json\/wp\/v2\/users\/7"}],"replies":[{"embeddable":true,"href":"https:\/\/vinasfm.com\/noticias\/wp-json\/wp\/v2\/comments?post=126739"}],"version-history":[{"count":2,"href":"https:\/\/vinasfm.com\/noticias\/wp-json\/wp\/v2\/posts\/126739\/revisions"}],"predecessor-version":[{"id":126742,"href":"https:\/\/vinasfm.com\/noticias\/wp-json\/wp\/v2\/posts\/126739\/revisions\/126742"}],"wp:featuredmedia":[{"embeddable":true,"href":"https:\/\/vinasfm.com\/noticias\/wp-json\/wp\/v2\/media\/126741"}],"wp:attachment":[{"href":"https:\/\/vinasfm.com\/noticias\/wp-json\/wp\/v2\/media?parent=126739"}],"wp:term":[{"taxonomy":"category","embeddable":true,"href":"https:\/\/vinasfm.com\/noticias\/wp-json\/wp\/v2\/categories?post=126739"},{"taxonomy":"post_tag","embeddable":true,"href":"https:\/\/vinasfm.com\/noticias\/wp-json\/wp\/v2\/tags?post=126739"}],"curies":[{"name":"wp","href":"https:\/\/api.w.org\/{rel}","templated":true}]}}