{"id":126677,"date":"2023-09-05T19:06:04","date_gmt":"2023-09-05T22:06:04","guid":{"rendered":"https:\/\/vinasfm.com\/noticias\/?p=126677"},"modified":"2023-09-06T09:53:36","modified_gmt":"2023-09-06T12:53:36","slug":"un-nuevo-robo-se-registro-este-martes","status":"publish","type":"post","link":"https:\/\/vinasfm.com\/noticias\/un-nuevo-robo-se-registro-este-martes\/","title":{"rendered":"UN NUEVO ROBO SE REGISTR\u00d3 ESTE MARTES"},"content":{"rendered":"<p><strong>Fue afectado un local comercial ubicado en Calle Pedro Pascual Segura al 137 de Bowen.<\/strong><\/p>\n<p>El denunciante da cuenta que dej\u00f3 el comercio con medidas de seguridad en la v\u00edspera siendo la hora 21:00. En la fecha constata qu\u00e9 <strong>personas desconocidas, previo a romper la reja de seguridad de una banderola, ingresan y le sustraen elementos varios del interior del comercio; como dinero en efectivo, fiambres varios y bebidas.<\/strong><\/p>\n<p>Consecuente a este hecho se aboca personal de la jurisdicci\u00f3n, de polic\u00eda cient\u00edfica y personal de la Polic\u00eda de Investigaciones y se llevan a cabo dos medidas judiciales de allanamiento en viviendas contiguas al local comercial donde se procede el secuestro de una importante cantidad de los elementos sustra\u00eddos.<\/p>\n<p><strong>Por el momento no se registran personas detenidas.<\/strong><\/p>\n","protected":false},"excerpt":{"rendered":"<p>Fue afectado un local comercial ubicado en Calle Pedro Pascual Segura al 137 de Bowen. El denunciante da cuenta que dej\u00f3 &#8230;<\/p>\n","protected":false},"author":7,"featured_media":56107,"comment_status":"open","ping_status":"open","sticky":false,"template":"","format":"standard","meta":{"footnotes":""},"categories":[5,4],"tags":[],"class_list":["post-126677","post","type-post","status-publish","format-standard","has-post-thumbnail","hentry","category-actualidad","category-policiales"],"_links":{"self":[{"href":"https:\/\/vinasfm.com\/noticias\/wp-json\/wp\/v2\/posts\/126677","targetHints":{"allow":["GET"]}}],"collection":[{"href":"https:\/\/vinasfm.com\/noticias\/wp-json\/wp\/v2\/posts"}],"about":[{"href":"https:\/\/vinasfm.com\/noticias\/wp-json\/wp\/v2\/types\/post"}],"author":[{"embeddable":true,"href":"https:\/\/vinasfm.com\/noticias\/wp-json\/wp\/v2\/users\/7"}],"replies":[{"embeddable":true,"href":"https:\/\/vinasfm.com\/noticias\/wp-json\/wp\/v2\/comments?post=126677"}],"version-history":[{"count":4,"href":"https:\/\/vinasfm.com\/noticias\/wp-json\/wp\/v2\/posts\/126677\/revisions"}],"predecessor-version":[{"id":126682,"href":"https:\/\/vinasfm.com\/noticias\/wp-json\/wp\/v2\/posts\/126677\/revisions\/126682"}],"wp:featuredmedia":[{"embeddable":true,"href":"https:\/\/vinasfm.com\/noticias\/wp-json\/wp\/v2\/media\/56107"}],"wp:attachment":[{"href":"https:\/\/vinasfm.com\/noticias\/wp-json\/wp\/v2\/media?parent=126677"}],"wp:term":[{"taxonomy":"category","embeddable":true,"href":"https:\/\/vinasfm.com\/noticias\/wp-json\/wp\/v2\/categories?post=126677"},{"taxonomy":"post_tag","embeddable":true,"href":"https:\/\/vinasfm.com\/noticias\/wp-json\/wp\/v2\/tags?post=126677"}],"curies":[{"name":"wp","href":"https:\/\/api.w.org\/{rel}","templated":true}]}}