{"id":126674,"date":"2023-09-05T19:01:31","date_gmt":"2023-09-05T22:01:31","guid":{"rendered":"https:\/\/vinasfm.com\/noticias\/?p=126674"},"modified":"2023-09-05T19:01:31","modified_gmt":"2023-09-05T22:01:31","slug":"la-union-mendocina-propone-reducir-un-50-la-alicuota-del-impuesto-inmobiliario","status":"publish","type":"post","link":"https:\/\/vinasfm.com\/noticias\/la-union-mendocina-propone-reducir-un-50-la-alicuota-del-impuesto-inmobiliario\/","title":{"rendered":"LA UNI\u00d3N MENDOCINA PROPONE REDUCIR UN 50% LA AL\u00cdCUOTA DEL IMPUESTO INMOBILIARIO"},"content":{"rendered":"<p><strong>La iniciativa est\u00e1 enmarcada dentro del plan general de reducci\u00f3n de impuestos, propuesto por el candidato a Gobernador de LAUM, Omar De Marchi.<\/strong><\/p>\n<p>Sobre la propuesta en s\u00ed, De Marchi explic\u00f3: <em><strong>\u201cproponemos reducir la al\u00edcuota del impuesto inmobiliario en un 50% para personas humanas que tengan una vivienda \u00fanica familiar. Adem\u00e1s, se contemplar\u00e1 si el bien est\u00e1 destinado a casa habitaci\u00f3n para los c\u00f3nyuges o convivientes\u201d.<\/strong><\/em><\/p>\n<p>El candidato a Gobernador agreg\u00f3 que<em><strong> \u201cla recaudaci\u00f3n por este impuesto en 2022, fue de $4.753,88 millones de pesos, lo que representa menos del 0,8% del presupuesto de gastos totales ejecutados\u201d:<\/strong><\/em><\/p>\n<p>En este sentido, De Marchi dijo que <em><strong>\u201cel aumento del impuesto inmobiliario, surgi\u00f3 por el incremento en los aval\u00faos de los inmuebles, que treparon un 79,99% durante el \u00faltimo a\u00f1o, y por eso hoy este impuesto tiene casi el valor de un alquiler\u201d.<\/strong><\/em><\/p>\n<p><em><strong>\u201cMendoza hace 13 a\u00f1os que no crece, no creamos empleo privado de calidad y los salarios son muy bajos. El Gobierno s\u00f3lo genera m\u00e1s gastos e impuestos que castigan siempre a los mismos\u201d,<\/strong> <\/em>expres\u00f3 De Marchi.<\/p>\n<p>Por \u00faltimo el candidato a Gobernador se\u00f1al\u00f3 que <em><strong>\u201cesta reducci\u00f3n que proponemos en el impuesto inmobiliario responde al marco general de simplificaci\u00f3n y baja de impuestos en la que trabajamos desde La Uni\u00f3n Mendocina, para que la provincia pueda salir de la par\u00e1lisis actual\u201d<\/strong><\/em>, cerr\u00f3 Omar De Marchi.<\/p>\n","protected":false},"excerpt":{"rendered":"<p>La iniciativa est\u00e1 enmarcada dentro del plan general de reducci\u00f3n de impuestos, propuesto por el candidato a Gobernador de LAUM, Omar &#8230;<\/p>\n","protected":false},"author":7,"featured_media":126675,"comment_status":"open","ping_status":"open","sticky":false,"template":"","format":"standard","meta":{"footnotes":""},"categories":[1],"tags":[],"class_list":["post-126674","post","type-post","status-publish","format-standard","has-post-thumbnail","hentry","category-fmvinas"],"_links":{"self":[{"href":"https:\/\/vinasfm.com\/noticias\/wp-json\/wp\/v2\/posts\/126674","targetHints":{"allow":["GET"]}}],"collection":[{"href":"https:\/\/vinasfm.com\/noticias\/wp-json\/wp\/v2\/posts"}],"about":[{"href":"https:\/\/vinasfm.com\/noticias\/wp-json\/wp\/v2\/types\/post"}],"author":[{"embeddable":true,"href":"https:\/\/vinasfm.com\/noticias\/wp-json\/wp\/v2\/users\/7"}],"replies":[{"embeddable":true,"href":"https:\/\/vinasfm.com\/noticias\/wp-json\/wp\/v2\/comments?post=126674"}],"version-history":[{"count":1,"href":"https:\/\/vinasfm.com\/noticias\/wp-json\/wp\/v2\/posts\/126674\/revisions"}],"predecessor-version":[{"id":126676,"href":"https:\/\/vinasfm.com\/noticias\/wp-json\/wp\/v2\/posts\/126674\/revisions\/126676"}],"wp:featuredmedia":[{"embeddable":true,"href":"https:\/\/vinasfm.com\/noticias\/wp-json\/wp\/v2\/media\/126675"}],"wp:attachment":[{"href":"https:\/\/vinasfm.com\/noticias\/wp-json\/wp\/v2\/media?parent=126674"}],"wp:term":[{"taxonomy":"category","embeddable":true,"href":"https:\/\/vinasfm.com\/noticias\/wp-json\/wp\/v2\/categories?post=126674"},{"taxonomy":"post_tag","embeddable":true,"href":"https:\/\/vinasfm.com\/noticias\/wp-json\/wp\/v2\/tags?post=126674"}],"curies":[{"name":"wp","href":"https:\/\/api.w.org\/{rel}","templated":true}]}}