{"id":126663,"date":"2023-09-05T12:02:27","date_gmt":"2023-09-05T15:02:27","guid":{"rendered":"https:\/\/vinasfm.com\/noticias\/?p=126663"},"modified":"2023-09-05T21:18:58","modified_gmt":"2023-09-06T00:18:58","slug":"la-escuela-enore-de-monte-organiza-un-cena-especial-por-el-aniversario-de-bowen","status":"publish","type":"post","link":"https:\/\/vinasfm.com\/noticias\/la-escuela-enore-de-monte-organiza-un-cena-especial-por-el-aniversario-de-bowen\/","title":{"rendered":"LA ESCUELA ENORE DE MONTE ORGANIZA UN CENA ESPECIAL POR EL ANIVERSARIO DE BOWEN"},"content":{"rendered":"<p><strong>En dialogo con FM VI\u00d1AS, Claudia Higueras directora de la escuela Enore De Monte, di\u00f3 detalles de las actividades a desarrollarse en el marco del 111\u00b0 aniversario de Bowen.<\/strong><\/p>\n<p>En el Club Uni\u00f3n social y deportivo Bowen, el dia 16 de Septiembre, a las 21.30 hs. se realizar\u00e1 una cena baile, <em><strong>\u00abofreceremos una cena con entrada, plato principal, postre y luego a\u00a0 divertirnos, con premios y servicio de cantina\u00bb.<\/strong><\/em><\/p>\n<div style=\"width: 448px;\" class=\"wp-video\"><video class=\"wp-video-shortcode\" id=\"video-126663-1\" width=\"448\" height=\"640\" preload=\"metadata\" controls=\"controls\"><source type=\"video\/mp4\" src=\"https:\/\/vinasfm.com\/noticias\/wp-content\/uploads\/2023\/09\/WhatsApp-Video-2023-09-05-at-10.00.22.mp4?_=1\" \/><a href=\"https:\/\/vinasfm.com\/noticias\/wp-content\/uploads\/2023\/09\/WhatsApp-Video-2023-09-05-at-10.00.22.mp4\">https:\/\/vinasfm.com\/noticias\/wp-content\/uploads\/2023\/09\/WhatsApp-Video-2023-09-05-at-10.00.22.mp4<\/a><\/video><\/div>\n<p><em><strong>\u00abHoy me toca estar a la cabeza de esta instituci\u00f3n pero cuento con un equipo de profesores, preceptores, administrativos y alumnos del 5\u00b0 de bachiller y 6\u00b0 del t\u00e9cnico que estar\u00e1n como mozos, mas all\u00e1 de la tradici\u00f3n de celebrar el aniversario de nuestro pueblo, la idea es recaudar fondos para despu\u00e9s poder realizar alg\u00fan tipo de arreglo o lo que se necesite en la escuela\u00bb.\u00a0<\/strong><\/em>Coment\u00f3 Higueras.<\/p>\n<p>Las tarjetas ya est\u00e1n disponibles en la escuela, turno ma\u00f1ana y tarde. Adem\u00e1s, Claudia confirm\u00f3 que cuentan con dos posibilidades, pueden concurrir a la cena o al baile. Se pueden reservar o\u00a0 asistir directamente a la escuela, ya que el dia del evento no se vender\u00e1n entradas, s\u00f3lo se venden anticipadas.<\/p>\n<h6>Danilo Montiel<\/h6>\n","protected":false},"excerpt":{"rendered":"<p>En dialogo con FM VI\u00d1AS, Claudia Higueras directora de la escuela Enore De Monte, di\u00f3 detalles de las actividades a desarrollarse &#8230;<\/p>\n","protected":false},"author":7,"featured_media":126671,"comment_status":"open","ping_status":"open","sticky":false,"template":"","format":"standard","meta":{"footnotes":""},"categories":[1],"tags":[],"class_list":["post-126663","post","type-post","status-publish","format-standard","has-post-thumbnail","hentry","category-fmvinas"],"_links":{"self":[{"href":"https:\/\/vinasfm.com\/noticias\/wp-json\/wp\/v2\/posts\/126663","targetHints":{"allow":["GET"]}}],"collection":[{"href":"https:\/\/vinasfm.com\/noticias\/wp-json\/wp\/v2\/posts"}],"about":[{"href":"https:\/\/vinasfm.com\/noticias\/wp-json\/wp\/v2\/types\/post"}],"author":[{"embeddable":true,"href":"https:\/\/vinasfm.com\/noticias\/wp-json\/wp\/v2\/users\/7"}],"replies":[{"embeddable":true,"href":"https:\/\/vinasfm.com\/noticias\/wp-json\/wp\/v2\/comments?post=126663"}],"version-history":[{"count":3,"href":"https:\/\/vinasfm.com\/noticias\/wp-json\/wp\/v2\/posts\/126663\/revisions"}],"predecessor-version":[{"id":126687,"href":"https:\/\/vinasfm.com\/noticias\/wp-json\/wp\/v2\/posts\/126663\/revisions\/126687"}],"wp:featuredmedia":[{"embeddable":true,"href":"https:\/\/vinasfm.com\/noticias\/wp-json\/wp\/v2\/media\/126671"}],"wp:attachment":[{"href":"https:\/\/vinasfm.com\/noticias\/wp-json\/wp\/v2\/media?parent=126663"}],"wp:term":[{"taxonomy":"category","embeddable":true,"href":"https:\/\/vinasfm.com\/noticias\/wp-json\/wp\/v2\/categories?post=126663"},{"taxonomy":"post_tag","embeddable":true,"href":"https:\/\/vinasfm.com\/noticias\/wp-json\/wp\/v2\/tags?post=126663"}],"curies":[{"name":"wp","href":"https:\/\/api.w.org\/{rel}","templated":true}]}}