{"id":126625,"date":"2023-09-04T17:39:45","date_gmt":"2023-09-04T20:39:45","guid":{"rendered":"https:\/\/vinasfm.com\/noticias\/?p=126625"},"modified":"2023-09-06T09:16:53","modified_gmt":"2023-09-06T12:16:53","slug":"parisi-esta-sesion-sirvio-para-sacarle-la-careta-a-cornejo-y-de-marchi","status":"publish","type":"post","link":"https:\/\/vinasfm.com\/noticias\/parisi-esta-sesion-sirvio-para-sacarle-la-careta-a-cornejo-y-de-marchi\/","title":{"rendered":"PARISI: \u00abESTA SESI\u00d3N SIRVI\u00d3 PARA SACARLE LA CARETA A CORNEJO Y DE MARCHI\u00bb"},"content":{"rendered":"<p><strong>En la sesi\u00f3n de hoy el proyecto de los legisladores del FDT-PJ para derogar el \u00edtem aula y pasarlo al b\u00e1sico fue girado a comisiones, para los peronistas lo quieren hacer \u201cdormir\u201d.\u00a0<\/strong><\/p>\n<p>En conferencia de prensa, Omar Parisi declar\u00f3: <em><strong>\u201cSucedi\u00f3 lo que esper\u00e1bamos, los dos oficialismos, porque son dos, hay un oficialismo de Marchi, un oficialismo de Cornejo y Su\u00e1rez, mandaron directamente el proyecto a comisiones, lo cual significa que no se va a tratar, hemos terminado con una mentira electoral de los otros dos candidatos donde dec\u00edan que iban a avanzar y qued\u00f3 demostrado que es una mentira\u201d.\u00a0<\/strong><\/em><\/p>\n<p>El candidato a gobernador del Frente Eleg\u00ed asumi\u00f3 un compromiso personal y adelant\u00f3 <em><strong>\u201ccuando asumamos como gobernador y vice con Luca Ilardo, el 11 de diciembre vamos a convocar a una sesi\u00f3n especial, vamos a derogar el \u00edtem aula, lo vamos a pasar al b\u00e1sico y no s\u00f3lo eso, sino que vamos a poner en valor la Constituci\u00f3n de la provincia y vamos a conformar un nuevo Consejo Educativo donde est\u00e9n profesionales de la salud mental que hoy es parte de la educaci\u00f3n, profesionales de la econom\u00eda, del trabajo y de la tecnolog\u00eda\u201d.\u00a0<\/strong><\/em><\/p>\n<p>Parisi afirm\u00f3 que la educaci\u00f3n debe seguir una pol\u00edtica de Estado clara y <em><strong>\u201cno ser un castigo y una persecuci\u00f3n a los docentes y que cada vez est\u00e1n peor\u201d.<\/strong><\/em><\/p>\n<p>El peronista dej\u00f3 en claro que lo que defienden es una propuesta de gobierno, no una cuesti\u00f3n \u201celectoral\u201d.<\/p>\n","protected":false},"excerpt":{"rendered":"<p>En la sesi\u00f3n de hoy el proyecto de los legisladores del FDT-PJ para derogar el \u00edtem aula y pasarlo al b\u00e1sico &#8230;<\/p>\n","protected":false},"author":7,"featured_media":126626,"comment_status":"open","ping_status":"open","sticky":false,"template":"","format":"standard","meta":{"footnotes":""},"categories":[5,7],"tags":[],"class_list":["post-126625","post","type-post","status-publish","format-standard","has-post-thumbnail","hentry","category-actualidad","category-politica"],"_links":{"self":[{"href":"https:\/\/vinasfm.com\/noticias\/wp-json\/wp\/v2\/posts\/126625","targetHints":{"allow":["GET"]}}],"collection":[{"href":"https:\/\/vinasfm.com\/noticias\/wp-json\/wp\/v2\/posts"}],"about":[{"href":"https:\/\/vinasfm.com\/noticias\/wp-json\/wp\/v2\/types\/post"}],"author":[{"embeddable":true,"href":"https:\/\/vinasfm.com\/noticias\/wp-json\/wp\/v2\/users\/7"}],"replies":[{"embeddable":true,"href":"https:\/\/vinasfm.com\/noticias\/wp-json\/wp\/v2\/comments?post=126625"}],"version-history":[{"count":1,"href":"https:\/\/vinasfm.com\/noticias\/wp-json\/wp\/v2\/posts\/126625\/revisions"}],"predecessor-version":[{"id":126627,"href":"https:\/\/vinasfm.com\/noticias\/wp-json\/wp\/v2\/posts\/126625\/revisions\/126627"}],"wp:featuredmedia":[{"embeddable":true,"href":"https:\/\/vinasfm.com\/noticias\/wp-json\/wp\/v2\/media\/126626"}],"wp:attachment":[{"href":"https:\/\/vinasfm.com\/noticias\/wp-json\/wp\/v2\/media?parent=126625"}],"wp:term":[{"taxonomy":"category","embeddable":true,"href":"https:\/\/vinasfm.com\/noticias\/wp-json\/wp\/v2\/categories?post=126625"},{"taxonomy":"post_tag","embeddable":true,"href":"https:\/\/vinasfm.com\/noticias\/wp-json\/wp\/v2\/tags?post=126625"}],"curies":[{"name":"wp","href":"https:\/\/api.w.org\/{rel}","templated":true}]}}