{"id":126617,"date":"2023-09-04T17:32:19","date_gmt":"2023-09-04T20:32:19","guid":{"rendered":"https:\/\/vinasfm.com\/noticias\/?p=126617"},"modified":"2023-09-05T10:26:59","modified_gmt":"2023-09-05T13:26:59","slug":"potasio-rio-colorado-la-oferta-seleccionada-cumple-con-los-planes-estrategicos-y-muestra-compromiso-de-inversion","status":"publish","type":"post","link":"https:\/\/vinasfm.com\/noticias\/potasio-rio-colorado-la-oferta-seleccionada-cumple-con-los-planes-estrategicos-y-muestra-compromiso-de-inversion\/","title":{"rendered":"POTASIO R\u00cdO COLORADO: LA OFERTA SELECCIONADA CUMPLE CON LOS PLANES ESTRAT\u00c9GICOS Y MUESTRA COMPROMISO DE INVERSI\u00d3N"},"content":{"rendered":"<p><strong>As\u00ed lo aseguraron el Gobernador Rodolfo Suarez y el ministro de Econom\u00eda, Enrique Vaqui\u00e9. Explicaron los alcances de la negociaci\u00f3n del contrato con el oferente mejor calificado. La construcci\u00f3n tomar\u00e1 5 a\u00f1os.<\/strong><\/p>\n<p>El Gobernador Rodolfo Suarez y el ministro de Econom\u00eda y Energ\u00eda, Enrique Vaqui\u00e9, junto al presidente de Potasio R\u00edo Colorado (PRC), Emilio Gi\u00f1az\u00fa, dieron detalles de la negociaci\u00f3n del contrato con el oferente mejor calificado para el avance de PRC. Desde la Casa de Gobierno, el mandatario provincial inform\u00f3 que tendr\u00e1 una repercusi\u00f3n en la econom\u00eda mendocina muy importante, ya que generar\u00e1 cuantiosos puestos de empleo y se duplicar\u00e1n las exportaciones.<\/p>\n<p><em><strong>\u201cEstamos ante un momento hist\u00f3rico para Mendoza\u201d,<\/strong> <\/em>destac\u00f3 Suarez durante la presentaci\u00f3n que se realiz\u00f3 en la Casa de Gobierno, y agradeci\u00f3 al personal del Ministerio de Econom\u00eda y a las autoridades de la empresa Potasio R\u00edo Colorado, <em><strong>\u201cporque no ha sido f\u00e1cil en este contexto en el cual vive la Argentina\u201d.<\/strong><\/em> Adem\u00e1s, remarc\u00f3: <em><strong>\u201cCon una ardua negociaci\u00f3n, logramos incorporar todos los activos, tanto tangibles como intangibles, a una empresa provincial para despu\u00e9s salir a buscar un socio estrat\u00e9gico y que se ponga en actividad la misma\u201d.<\/strong><\/em><\/p>\n<p>Suarez explic\u00f3 que, para lograr esto, se realiz\u00f3 una contrataci\u00f3n con UBS (Uni\u00f3n de Bancos Suizos), de manera tal que fueran ellos los que salieran a ofrecer al mundo la explotaci\u00f3n de esta mina<em><strong>: \u201cPor fin est\u00e1 el dictamen de cu\u00e1l es la oferta m\u00e1s conveniente para la provincia\u201d,<\/strong><\/em>anunci\u00f3<em>.<\/em><\/p>\n<p>Aclar\u00f3 que si bien el Gobierno no puede decir cu\u00e1l es la oferta, <strong><em>\u201cnosotros tenemos unos d\u00edas de negociaci\u00f3n para que sea volcada en un contrato definitivo que se estar\u00e1 firmando en muy pocos d\u00edas\u201d<\/em><\/strong>. Asimismo, Suarez sostuvo que este paso es el comienzo del cambio de la historia de Mendoza, ya que expres\u00f3 que cuando esta mina est\u00e9 funcionando a pleno (se calcula en 5 a\u00f1os), se duplicar\u00e1n las exportaciones de la provincia de Mendoza.<\/p>\n<p>Es m\u00e1s, resalt\u00f3 que habr\u00e1 una cantidad importante de gente trabajando en el lugar de forma directa e indirecta.<strong><em> \u201cTambi\u00e9n va a tener una repercusi\u00f3n en la econom\u00eda important\u00edsima, pero fundamentalmente estamos dando un primer paso en el camino que tiene que recorrer Mendoza de ampliar su matriz productiva\u201d<\/em><\/strong>, se\u00f1al\u00f3.<\/p>\n<p>El Gobernador se\u00f1al\u00f3 que, en principio, habr\u00e1 unos 60 puestos de empleo y luego se ampliar\u00e1 a 500 o m\u00e1s cuando ya est\u00e9 en marcha. \u201c<em><strong>Estamos pidiendo que sean personas del Sur de la provincia las que obtengan esos empleos\u201d<\/strong><\/em>, dijo, y agreg\u00f3 que <strong><em>\u201csi a esto le sumamos los trabajos que se han hecho en Hierro Indio, la exploraci\u00f3n que va a empezar en Cerro Amarillo, lo que est\u00e1 ocurriendo en Vaca Muerta, estamos ante un momento importante en la historia econ\u00f3mica de Mendoza\u201d.<\/em><\/strong><\/p>\n<p>En tanto, Enrique Vaqui\u00e9 realiz\u00f3 un repaso del trabajo realizado en los \u00faltimos a\u00f1os para llegar a esta instancia. En ese sentido, explic\u00f3 que el emprendimiento se detuvo en 2013 debido a problemas como el cepo cambiario y la presi\u00f3n tributaria. Agreg\u00f3 que, finalmente en 2021, se termin\u00f3 firmando el traspaso de activos de la Vale y comenz\u00f3 la b\u00fasqueda de un socio.<\/p>\n<p>Con este emprendimiento, Suarez consider\u00f3 que \u201c<em><strong>esta provincia est\u00e1 en condiciones de explotar econ\u00f3micamente cuando la macroeconom\u00eda se acomode en el pa\u00eds\u201d<\/strong><\/em>. A esto, Gui\u00f1az\u00fa a\u00f1adi\u00f3 que <strong><em>\u201ctendr\u00e1 un enorme impacto en la econom\u00eda de la provincia de Mendoza, generando exportaciones por m\u00e1s de 600 millones de d\u00f3lares, inversiones de mil millones de d\u00f3lares en los pr\u00f3ximos cinco a\u00f1os y creando miles de empleos directos\u201d.<\/em><\/strong><\/p>\n<p>Tambi\u00e9n apunt\u00f3 que se espera que este proyecto impulse el desarrollo de la industria metalmec\u00e1nica provincial y tenga impacto significativo en la log\u00edstica.<\/p>\n<p>Para finalizar, Vaqui\u00e9 detall\u00f3 que se espera, entre la planta piloto y la planta final, una producci\u00f3n de 1,5 millones de toneladas al a\u00f1o aproximadamente. <em><strong>\u201cTiene el compromiso tambi\u00e9n, que no estaba en las otras ofertas, de trabajar con las pymes mendocina\u201d,<\/strong><\/em> complet\u00f3.<\/p>\n<p><a href=\"https:\/\/vinasfm.com\/noticias\/wp-content\/uploads\/2023\/09\/WhatsApp-Image-2023-09-04-at-14.20.55-700x468-1.jpeg\"><img loading=\"lazy\" decoding=\"async\" class=\"alignnone size-medium wp-image-126618\" src=\"https:\/\/vinasfm.com\/noticias\/wp-content\/uploads\/2023\/09\/WhatsApp-Image-2023-09-04-at-14.20.55-700x468-1-300x201.jpeg\" alt=\"\" width=\"300\" height=\"201\" srcset=\"https:\/\/vinasfm.com\/noticias\/wp-content\/uploads\/2023\/09\/WhatsApp-Image-2023-09-04-at-14.20.55-700x468-1-300x201.jpeg 300w, https:\/\/vinasfm.com\/noticias\/wp-content\/uploads\/2023\/09\/WhatsApp-Image-2023-09-04-at-14.20.55-700x468-1.jpeg 700w\" sizes=\"auto, (max-width: 300px) 100vw, 300px\" \/><\/a> <a href=\"https:\/\/vinasfm.com\/noticias\/wp-content\/uploads\/2023\/09\/WhatsApp-Image-2023-09-04-at-14.20.56-2-700x468-1.jpeg\"><img loading=\"lazy\" decoding=\"async\" class=\"alignnone size-medium wp-image-126619\" src=\"https:\/\/vinasfm.com\/noticias\/wp-content\/uploads\/2023\/09\/WhatsApp-Image-2023-09-04-at-14.20.56-2-700x468-1-300x201.jpeg\" alt=\"\" width=\"300\" height=\"201\" srcset=\"https:\/\/vinasfm.com\/noticias\/wp-content\/uploads\/2023\/09\/WhatsApp-Image-2023-09-04-at-14.20.56-2-700x468-1-300x201.jpeg 300w, https:\/\/vinasfm.com\/noticias\/wp-content\/uploads\/2023\/09\/WhatsApp-Image-2023-09-04-at-14.20.56-2-700x468-1.jpeg 700w\" sizes=\"auto, (max-width: 300px) 100vw, 300px\" \/><\/a> <a href=\"https:\/\/vinasfm.com\/noticias\/wp-content\/uploads\/2023\/09\/WhatsApp-Image-2023-09-04-at-14.20.56-3-700x468-1.jpeg\"><img loading=\"lazy\" decoding=\"async\" class=\"alignnone size-medium wp-image-126620\" src=\"https:\/\/vinasfm.com\/noticias\/wp-content\/uploads\/2023\/09\/WhatsApp-Image-2023-09-04-at-14.20.56-3-700x468-1-300x201.jpeg\" alt=\"\" width=\"300\" height=\"201\" srcset=\"https:\/\/vinasfm.com\/noticias\/wp-content\/uploads\/2023\/09\/WhatsApp-Image-2023-09-04-at-14.20.56-3-700x468-1-300x201.jpeg 300w, https:\/\/vinasfm.com\/noticias\/wp-content\/uploads\/2023\/09\/WhatsApp-Image-2023-09-04-at-14.20.56-3-700x468-1.jpeg 700w\" sizes=\"auto, (max-width: 300px) 100vw, 300px\" \/><\/a> <a href=\"https:\/\/vinasfm.com\/noticias\/wp-content\/uploads\/2023\/09\/WhatsApp-Image-2023-09-04-at-14.20.57-2-700x468-1.jpeg\"><img loading=\"lazy\" decoding=\"async\" class=\"alignnone size-medium wp-image-126621\" src=\"https:\/\/vinasfm.com\/noticias\/wp-content\/uploads\/2023\/09\/WhatsApp-Image-2023-09-04-at-14.20.57-2-700x468-1-300x201.jpeg\" alt=\"\" width=\"300\" height=\"201\" srcset=\"https:\/\/vinasfm.com\/noticias\/wp-content\/uploads\/2023\/09\/WhatsApp-Image-2023-09-04-at-14.20.57-2-700x468-1-300x201.jpeg 300w, https:\/\/vinasfm.com\/noticias\/wp-content\/uploads\/2023\/09\/WhatsApp-Image-2023-09-04-at-14.20.57-2-700x468-1.jpeg 700w\" sizes=\"auto, (max-width: 300px) 100vw, 300px\" \/><\/a><\/p>\n<h2>El proceso<\/h2>\n<p><em><strong>\u201cEsto se hizo bajo el asesoramiento estrat\u00e9gico de la Uni\u00f3n de Bancos Suizos y el seguimiento permanente de la Fiscal\u00eda de Estado, a la que semanalmente se le inform\u00f3 de todo el proceso, dado la confidencialidad del mismo, para que entre ambos fueran viendo las transparencias del proceso\u201d<\/strong><\/em>, dej\u00f3 en claro el ministro de Econom\u00eda, y se\u00f1al\u00f3 que \u201c<em><strong>se contact\u00f3 a 60 posibles inversores\u201d<\/strong><\/em> a partir del trabajo que se llev\u00f3 adelante.<\/p>\n<p>Asimismo, sostuvo que, luego de una serie de ofertas, finalmente, <em><strong>\u201ceste fin de semana tomamos conocimiento del dictamen de la Uni\u00f3n de Bancos Suizos, de un estudio de abogados que estaba contratado y que nos aconsejaban cu\u00e1l era la mejor oferta de las tres que ten\u00edamos. A partir de eso, la Comisi\u00f3n de Preadjudicaci\u00f3n hizo su dictamen y el directorio de la compa\u00f1\u00eda lo aprob\u00f3. Y es donde estamos ahora\u201d.<\/strong><\/em><\/p>\n<p>Seg\u00fan indic\u00f3 Vaqui\u00e9, la oferta seleccionada es la m\u00e1s importante, ya que cumple con los planes estrat\u00e9gicos de la provincia y muestra un compromiso firme de inversi\u00f3n. Adem\u00e1s, <strong><em>\u201cse comprometen a comenzar la construcci\u00f3n de una mina piloto y trabajar con pymes locales. La construcci\u00f3n tomar\u00e1 5 a\u00f1os y generar\u00e1 puestos de empleos mendocinos\u201d<\/em><\/strong>, agreg\u00f3.<\/p>\n","protected":false},"excerpt":{"rendered":"<p>As\u00ed lo aseguraron el Gobernador Rodolfo Suarez y el ministro de Econom\u00eda, Enrique Vaqui\u00e9. Explicaron los alcances de la negociaci\u00f3n del &#8230;<\/p>\n","protected":false},"author":7,"featured_media":126622,"comment_status":"open","ping_status":"open","sticky":false,"template":"","format":"standard","meta":{"footnotes":""},"categories":[5,10],"tags":[],"class_list":["post-126617","post","type-post","status-publish","format-standard","has-post-thumbnail","hentry","category-actualidad","category-destacadas"],"_links":{"self":[{"href":"https:\/\/vinasfm.com\/noticias\/wp-json\/wp\/v2\/posts\/126617","targetHints":{"allow":["GET"]}}],"collection":[{"href":"https:\/\/vinasfm.com\/noticias\/wp-json\/wp\/v2\/posts"}],"about":[{"href":"https:\/\/vinasfm.com\/noticias\/wp-json\/wp\/v2\/types\/post"}],"author":[{"embeddable":true,"href":"https:\/\/vinasfm.com\/noticias\/wp-json\/wp\/v2\/users\/7"}],"replies":[{"embeddable":true,"href":"https:\/\/vinasfm.com\/noticias\/wp-json\/wp\/v2\/comments?post=126617"}],"version-history":[{"count":2,"href":"https:\/\/vinasfm.com\/noticias\/wp-json\/wp\/v2\/posts\/126617\/revisions"}],"predecessor-version":[{"id":126665,"href":"https:\/\/vinasfm.com\/noticias\/wp-json\/wp\/v2\/posts\/126617\/revisions\/126665"}],"wp:featuredmedia":[{"embeddable":true,"href":"https:\/\/vinasfm.com\/noticias\/wp-json\/wp\/v2\/media\/126622"}],"wp:attachment":[{"href":"https:\/\/vinasfm.com\/noticias\/wp-json\/wp\/v2\/media?parent=126617"}],"wp:term":[{"taxonomy":"category","embeddable":true,"href":"https:\/\/vinasfm.com\/noticias\/wp-json\/wp\/v2\/categories?post=126617"},{"taxonomy":"post_tag","embeddable":true,"href":"https:\/\/vinasfm.com\/noticias\/wp-json\/wp\/v2\/tags?post=126617"}],"curies":[{"name":"wp","href":"https:\/\/api.w.org\/{rel}","templated":true}]}}