{"id":126585,"date":"2023-09-04T10:16:32","date_gmt":"2023-09-04T13:16:32","guid":{"rendered":"https:\/\/vinasfm.com\/noticias\/?p=126585"},"modified":"2023-09-04T10:16:32","modified_gmt":"2023-09-04T13:16:32","slug":"defensa-civil-emitio-alerta-amarilla-por-nevadas-y-precipitaciones","status":"publish","type":"post","link":"https:\/\/vinasfm.com\/noticias\/defensa-civil-emitio-alerta-amarilla-por-nevadas-y-precipitaciones\/","title":{"rendered":"DEFENSA CIVIL EMITI\u00d3 ALERTA AMARILLA POR NEVADAS Y PRECIPITACIONES"},"content":{"rendered":"<p><strong>Desde la entidad indicaron que se mantiene el alerta por nevadas y vientos afectando principalmente al Sur y al Valle de Uco.<\/strong><\/p>\n<p>El\u00a0pron\u00f3stico\u00a0para este lunes indica que se registrar\u00e1n\u00a0temperaturas m\u00e1ximas cercanas a los 10\u00ba con nubosidad variable.\u00a0Desde el\u00a0<strong>Servicio Meteorol\u00f3gico Nacional (SMN)<\/strong>\u00a0anunciaron que la jornada estar\u00e1 marcada por la inestabilidad y\u00a0<strong>Defensa\u00a0Civil<\/strong>\u00a0de Mendoza emiti\u00f3 una\u00a0<strong>alerta<\/strong>\u00a0amarilla\u00a0debido a la probabilidad de\u00a0nevadas intensas que afectar\u00e1n una parte del territorio provincial.<\/p>\n<p><strong>Defensa Civil<\/strong>\u00a0emiti\u00f3 este lunes\u00a0una\u00a0<strong>alerta<\/strong>\u00a0meteorol\u00f3gica amarilla indicando la probabilidad de\u00a0nevadas intensas en cordillera y precordillera. <em><strong>\u00abContin\u00faan las condiciones de inestabilidad, con probabilidades de precipitaciones n\u00edveas afectando sectores de\u00a0cordillera\u00a0Sur, Valle de Uco y Norte (Paso Cristo Redentor)\u00bb<\/strong><\/em>, indicaron desde el organismo oficial.<\/p>\n<p>Adem\u00e1s, indicaron que el pron\u00f3stico para lo que resta del d\u00eda ser\u00e1 con cielo mayormente cubierto con descenso de la temperatura y la circulaci\u00f3n de una leve brisa del Este.\u00a0En la zona de alta Monta\u00f1a, se mantienen las condiciones de mal tiempo, con precipitaciones n\u00edveas que permanecer\u00e1n hasta el d\u00eda mi\u00e9rcoles inclusive. La temperatura m\u00e1xima ser\u00e1 de 11\u00ba y la m\u00ednima de 7\u00ba.<\/p>\n<p>Para ma\u00f1ana se espera cielo despejado\u00a0y fr\u00edo con\u00a0leve circulaci\u00f3n de viento del noreste.\u00a0La zona Norte del territorio\u00a0amanecer\u00eda con cielo despejado mientras que, en\u00a0la zona Sur el cielo se mantendr\u00e1\u00a0cubierto.<\/p>\n<p><a href=\"https:\/\/vinasfm.com\/noticias\/wp-content\/uploads\/2023\/09\/5c2cd96a-cfc8-4fe4-a060-b5b11b0c48fd.jpg\"><img loading=\"lazy\" decoding=\"async\" class=\"alignnone size-medium wp-image-126587\" src=\"https:\/\/vinasfm.com\/noticias\/wp-content\/uploads\/2023\/09\/5c2cd96a-cfc8-4fe4-a060-b5b11b0c48fd-300x300.jpg\" alt=\"\" width=\"300\" height=\"300\" srcset=\"https:\/\/vinasfm.com\/noticias\/wp-content\/uploads\/2023\/09\/5c2cd96a-cfc8-4fe4-a060-b5b11b0c48fd-300x300.jpg 300w, https:\/\/vinasfm.com\/noticias\/wp-content\/uploads\/2023\/09\/5c2cd96a-cfc8-4fe4-a060-b5b11b0c48fd-1024x1024.jpg 1024w, https:\/\/vinasfm.com\/noticias\/wp-content\/uploads\/2023\/09\/5c2cd96a-cfc8-4fe4-a060-b5b11b0c48fd-150x150.jpg 150w, https:\/\/vinasfm.com\/noticias\/wp-content\/uploads\/2023\/09\/5c2cd96a-cfc8-4fe4-a060-b5b11b0c48fd-768x769.jpg 768w, https:\/\/vinasfm.com\/noticias\/wp-content\/uploads\/2023\/09\/5c2cd96a-cfc8-4fe4-a060-b5b11b0c48fd-360x360.jpg 360w, https:\/\/vinasfm.com\/noticias\/wp-content\/uploads\/2023\/09\/5c2cd96a-cfc8-4fe4-a060-b5b11b0c48fd-750x750.jpg 750w, https:\/\/vinasfm.com\/noticias\/wp-content\/uploads\/2023\/09\/5c2cd96a-cfc8-4fe4-a060-b5b11b0c48fd.jpg 1132w\" sizes=\"auto, (max-width: 300px) 100vw, 300px\" \/><\/a><\/p>\n<h2>Recomendaciones<\/h2>\n<ul>\n<li>Evit\u00e1 actividades al aire libre.<\/li>\n<li>Retir\u00e1 peri\u00f3dicamente la nieve acumulada en los techos.<\/li>\n<li>Circul\u00e1 con veh\u00edculos adecuados y preparados para hielo y nieve.<\/li>\n<li>Ventil\u00e1 veh\u00edculos y viviendas para evitar acumulaci\u00f3n de mon\u00f3xido de carbono.<\/li>\n<li>Informate por las autoridades. Ten\u00e9 siempre lista una mochila de emergencias con linterna, radio, documentos y tel\u00e9fono.<\/li>\n<\/ul>\n","protected":false},"excerpt":{"rendered":"<p>Desde la entidad indicaron que se mantiene el alerta por nevadas y vientos afectando principalmente al Sur y al Valle de &#8230;<\/p>\n","protected":false},"author":7,"featured_media":126586,"comment_status":"open","ping_status":"open","sticky":false,"template":"","format":"standard","meta":{"footnotes":""},"categories":[1],"tags":[],"class_list":["post-126585","post","type-post","status-publish","format-standard","has-post-thumbnail","hentry","category-fmvinas"],"_links":{"self":[{"href":"https:\/\/vinasfm.com\/noticias\/wp-json\/wp\/v2\/posts\/126585","targetHints":{"allow":["GET"]}}],"collection":[{"href":"https:\/\/vinasfm.com\/noticias\/wp-json\/wp\/v2\/posts"}],"about":[{"href":"https:\/\/vinasfm.com\/noticias\/wp-json\/wp\/v2\/types\/post"}],"author":[{"embeddable":true,"href":"https:\/\/vinasfm.com\/noticias\/wp-json\/wp\/v2\/users\/7"}],"replies":[{"embeddable":true,"href":"https:\/\/vinasfm.com\/noticias\/wp-json\/wp\/v2\/comments?post=126585"}],"version-history":[{"count":1,"href":"https:\/\/vinasfm.com\/noticias\/wp-json\/wp\/v2\/posts\/126585\/revisions"}],"predecessor-version":[{"id":126588,"href":"https:\/\/vinasfm.com\/noticias\/wp-json\/wp\/v2\/posts\/126585\/revisions\/126588"}],"wp:featuredmedia":[{"embeddable":true,"href":"https:\/\/vinasfm.com\/noticias\/wp-json\/wp\/v2\/media\/126586"}],"wp:attachment":[{"href":"https:\/\/vinasfm.com\/noticias\/wp-json\/wp\/v2\/media?parent=126585"}],"wp:term":[{"taxonomy":"category","embeddable":true,"href":"https:\/\/vinasfm.com\/noticias\/wp-json\/wp\/v2\/categories?post=126585"},{"taxonomy":"post_tag","embeddable":true,"href":"https:\/\/vinasfm.com\/noticias\/wp-json\/wp\/v2\/tags?post=126585"}],"curies":[{"name":"wp","href":"https:\/\/api.w.org\/{rel}","templated":true}]}}