{"id":126568,"date":"2023-09-04T09:56:35","date_gmt":"2023-09-04T12:56:35","guid":{"rendered":"https:\/\/vinasfm.com\/noticias\/?p=126568"},"modified":"2023-09-05T08:39:11","modified_gmt":"2023-09-05T11:39:11","slug":"suarez-designo-al-jefe-de-la-policia-como-integrante-del-comite-nacional-anti-saqueos","status":"publish","type":"post","link":"https:\/\/vinasfm.com\/noticias\/suarez-designo-al-jefe-de-la-policia-como-integrante-del-comite-nacional-anti-saqueos\/","title":{"rendered":"SUAREZ DESIGN\u00d3 AL JEFE DE LA POLIC\u00cdA COMO INTEGRANTE DEL COMIT\u00c9 NACIONAL \u201cANTI SAQUEOS\u201d"},"content":{"rendered":"<p><strong>Marcelo Calipo ser\u00e1 el representante de la provincia en el organismo creado en los \u00faltimos d\u00edas de agosto.<\/strong><\/p>\n<p>El gobernador Rodolfo Suarez tom\u00f3 la decisi\u00f3n de designar a Marcelo Calipo, jefe de la Polic\u00eda provincial, como integrante del comando unificado de las fuerzas policiales y de seguridad federal, organismo creado a fines de agosto, en medio de una serie de intentos de saqueos y robos en banda en diferentes puntos del pa\u00eds.<\/p>\n<p>Este organismo fue creado por medio de la Resoluci\u00f3n 575\/2023 firmada por el ministro de Seguridad An\u00edbal Fern\u00e1ndez y publicada en el Bolet\u00edn Oficial de la Naci\u00f3n, tras los robos a supermercados y comercios que se registraron en los \u00faltimos d\u00edas del mes pasado en distintos puntos del pa\u00eds.<\/p>\n<p><a href=\"https:\/\/vinasfm.com\/noticias\/wp-content\/uploads\/2023\/09\/Resolucion.pdf\">Resolucion<\/a><\/p>\n<p>Este comando tiene <em><strong>\u201cel objetivo espec\u00edfico de ejecutar tareas destinadas a la prevenci\u00f3n de los delitos contra la propiedad y al aseguramiento de cualquier situaci\u00f3n que amenace los derechos y garant\u00edas constitucionales en todo el territorio nacional\u201c.<\/strong><\/em><\/p>\n<p>Seg\u00fan la resoluci\u00f3n, cada provincia deb\u00eda tener un representante, y este podr\u00eda ser o el ministro de Seguridad, o alguna autoridad con funciones equivalentes. Es por esto que Calipo cumple con los requisitos del cargo.<\/p>\n<p>Mendoza fue el punto de origen de una serie de incidentes ocurridos d\u00edas despu\u00e9s de la victoria de Javier Milei en las elecciones primarias nacionales y de la posterior devaluaci\u00f3n del 22% llevada adelante por el ministro de Econom\u00eda y candidato a presidente por Uni\u00f3n por la Patria, Sergio Massa<\/p>\n","protected":false},"excerpt":{"rendered":"<p>Marcelo Calipo ser\u00e1 el representante de la provincia en el organismo creado en los \u00faltimos d\u00edas de agosto. El gobernador Rodolfo &#8230;<\/p>\n","protected":false},"author":7,"featured_media":126570,"comment_status":"open","ping_status":"open","sticky":false,"template":"","format":"standard","meta":{"footnotes":""},"categories":[5,10],"tags":[],"class_list":["post-126568","post","type-post","status-publish","format-standard","has-post-thumbnail","hentry","category-actualidad","category-destacadas"],"_links":{"self":[{"href":"https:\/\/vinasfm.com\/noticias\/wp-json\/wp\/v2\/posts\/126568","targetHints":{"allow":["GET"]}}],"collection":[{"href":"https:\/\/vinasfm.com\/noticias\/wp-json\/wp\/v2\/posts"}],"about":[{"href":"https:\/\/vinasfm.com\/noticias\/wp-json\/wp\/v2\/types\/post"}],"author":[{"embeddable":true,"href":"https:\/\/vinasfm.com\/noticias\/wp-json\/wp\/v2\/users\/7"}],"replies":[{"embeddable":true,"href":"https:\/\/vinasfm.com\/noticias\/wp-json\/wp\/v2\/comments?post=126568"}],"version-history":[{"count":1,"href":"https:\/\/vinasfm.com\/noticias\/wp-json\/wp\/v2\/posts\/126568\/revisions"}],"predecessor-version":[{"id":126571,"href":"https:\/\/vinasfm.com\/noticias\/wp-json\/wp\/v2\/posts\/126568\/revisions\/126571"}],"wp:featuredmedia":[{"embeddable":true,"href":"https:\/\/vinasfm.com\/noticias\/wp-json\/wp\/v2\/media\/126570"}],"wp:attachment":[{"href":"https:\/\/vinasfm.com\/noticias\/wp-json\/wp\/v2\/media?parent=126568"}],"wp:term":[{"taxonomy":"category","embeddable":true,"href":"https:\/\/vinasfm.com\/noticias\/wp-json\/wp\/v2\/categories?post=126568"},{"taxonomy":"post_tag","embeddable":true,"href":"https:\/\/vinasfm.com\/noticias\/wp-json\/wp\/v2\/tags?post=126568"}],"curies":[{"name":"wp","href":"https:\/\/api.w.org\/{rel}","templated":true}]}}