{"id":126559,"date":"2023-09-04T09:29:46","date_gmt":"2023-09-04T12:29:46","guid":{"rendered":"https:\/\/vinasfm.com\/noticias\/?p=126559"},"modified":"2023-09-04T12:21:55","modified_gmt":"2023-09-04T15:21:55","slug":"el-ajedrez-educativo-aterrizo-en-la-nave-cultura","status":"publish","type":"post","link":"https:\/\/vinasfm.com\/noticias\/el-ajedrez-educativo-aterrizo-en-la-nave-cultura\/","title":{"rendered":"EL AJEDREZ EDUCATIVO ATERRIZ\u00d3 EN LA NAVE CULTURA"},"content":{"rendered":"<h4>El pasado viernes, se desarroll\u00f3 la instancia Provincial de \u201cParlamento Juvenil Mercosur\u201d ante un gran marco de participantes, en la Nave Cultural, y el juego-ciencia tuvo su espacio<\/h4>\n<p style=\"font-weight: 400;\">Para debatir sobre\u00a0La nueva secundaria,\u00a0se reunieron m\u00e1s de 540 estudiantes de toda la Provincia de m\u00e1s de 150 escuelas, acompa\u00f1ados por sus docentes.<\/p>\n<p style=\"font-weight: 400;\">Durante el evento, que cont\u00f3 con participaci\u00f3n activa de todas las \u00e1reas de la DOAITE (Direcci\u00f3n de Orientaci\u00f3n y Apoyo Interdisciplinario a las Trayectorias Educativas), se desarroll\u00f3 una charla para m\u00e1s de 150 docentes, sobre la importancia del Ajedrez Educativo y sus beneficios como espacio transversal a diferentes asignaturas, a cargo del Coordinador Provincial de Ajedrez Educativo, <strong><span style=\"color: #0000ff;\">Sebasti\u00e1n Lieby<\/span><\/strong>.<\/p>\n<p style=\"font-weight: 400;\"><em><strong>\u201cEs una gran oportunidad para nosotros, de poder venir y contarles todo lo que el Ajedrez puede aportar en las escuelas. Adem\u00e1s, siempre es interesante poder participar de estos espacios que nos demuestran una vez m\u00e1s, que a los j\u00f3venes les interesa participar, el debate, la cultura, la pol\u00edtica<\/strong><\/em>\u201d, se\u00f1al\u00f3 el Alvearense.<\/p>\n<p style=\"font-weight: 400;\">Sobre el encuentro, la Licenciada <strong><span style=\"color: #0000ff;\">Cecilia Perone<\/span><\/strong>, coordinadora de la DOAITE, destac\u00f3 que en este encuentro los j\u00f3venes realizan pr\u00e1cticas democr\u00e1ticas y debaten sobre diferentes temas. <em><strong>\u201cEn esta ocasi\u00f3n, el tema de salud mental est\u00e1 presente en cada una de las exposiciones. Las emociones y c\u00f3mo se sienten en la escuela son de suma importancia para ellos\u201d<\/strong><\/em>.<\/p>\n","protected":false},"excerpt":{"rendered":"<p>El pasado viernes, se desarroll\u00f3 la instancia Provincial de \u201cParlamento Juvenil Mercosur\u201d ante un gran marco de participantes, en la Nave &#8230;<\/p>\n","protected":false},"author":7,"featured_media":126560,"comment_status":"open","ping_status":"open","sticky":false,"template":"","format":"standard","meta":{"footnotes":""},"categories":[5,3],"tags":[],"class_list":["post-126559","post","type-post","status-publish","format-standard","has-post-thumbnail","hentry","category-actualidad","category-deportes"],"_links":{"self":[{"href":"https:\/\/vinasfm.com\/noticias\/wp-json\/wp\/v2\/posts\/126559","targetHints":{"allow":["GET"]}}],"collection":[{"href":"https:\/\/vinasfm.com\/noticias\/wp-json\/wp\/v2\/posts"}],"about":[{"href":"https:\/\/vinasfm.com\/noticias\/wp-json\/wp\/v2\/types\/post"}],"author":[{"embeddable":true,"href":"https:\/\/vinasfm.com\/noticias\/wp-json\/wp\/v2\/users\/7"}],"replies":[{"embeddable":true,"href":"https:\/\/vinasfm.com\/noticias\/wp-json\/wp\/v2\/comments?post=126559"}],"version-history":[{"count":1,"href":"https:\/\/vinasfm.com\/noticias\/wp-json\/wp\/v2\/posts\/126559\/revisions"}],"predecessor-version":[{"id":126561,"href":"https:\/\/vinasfm.com\/noticias\/wp-json\/wp\/v2\/posts\/126559\/revisions\/126561"}],"wp:featuredmedia":[{"embeddable":true,"href":"https:\/\/vinasfm.com\/noticias\/wp-json\/wp\/v2\/media\/126560"}],"wp:attachment":[{"href":"https:\/\/vinasfm.com\/noticias\/wp-json\/wp\/v2\/media?parent=126559"}],"wp:term":[{"taxonomy":"category","embeddable":true,"href":"https:\/\/vinasfm.com\/noticias\/wp-json\/wp\/v2\/categories?post=126559"},{"taxonomy":"post_tag","embeddable":true,"href":"https:\/\/vinasfm.com\/noticias\/wp-json\/wp\/v2\/tags?post=126559"}],"curies":[{"name":"wp","href":"https:\/\/api.w.org\/{rel}","templated":true}]}}