{"id":126551,"date":"2023-09-04T09:03:32","date_gmt":"2023-09-04T12:03:32","guid":{"rendered":"https:\/\/vinasfm.com\/noticias\/?p=126551"},"modified":"2023-09-05T11:42:11","modified_gmt":"2023-09-05T14:42:11","slug":"resultados-de-las-elecciones-munipales-el-peronismo-logro-retener-6-departamentos","status":"publish","type":"post","link":"https:\/\/vinasfm.com\/noticias\/resultados-de-las-elecciones-munipales-el-peronismo-logro-retener-6-departamentos\/","title":{"rendered":"RESULTADOS DE LAS ELECCIONES MUNICIPALES: EL PERONISMO LOGR\u00d3 RETENER 6 DEPARTAMENTOS"},"content":{"rendered":"<p><strong>Este domingo se celebraron las Elecciones Municipales en 7 departamentos que desdoblaron. Quedaron definidos los pr\u00f3ximos intendentes y concejales que asumir\u00e1n el 10 de diciembre.<\/strong><\/p>\n<p>Nuevamente se utiliz\u00f3 el sistema de Boleta \u00danica. El peronismo retuvo 6 departamentos\u00a0 y La Uni\u00f3n Mendocina se qued\u00f3 con San Carlos.<\/p>\n<p><strong>Omar F\u00e9lix vuelve a la intendencia en San Rafael<\/strong><\/p>\n<p>Omar suceder\u00e1 a su hermano Emir F\u00e9lix quien, hasta el 10 de diciembre,\u00a0 conduce el departamento.<\/p>\n<ul>\n<li><strong>Frente Eleg\u00ed, Omar F\u00e9lix: 48,49%<\/strong><\/li>\n<li>Cambia Mendoza, Abel Freidemberg: 26%<\/li>\n<li>Frete Libertario de San Rafael, Roberto Bianchi: 20,59%<\/li>\n<li>Votos en blanco: 2,74%<\/li>\n<\/ul>\n<p><strong>Stevanato gan\u00f3 en Maip\u00fa <\/strong><\/p>\n<p>Matias Stevanato, el intendente maipusino, seguir\u00e1 en el mando durante cuatro a\u00f1os m\u00e1s<\/p>\n<ul>\n<li><strong>Frente Eleg\u00ed, Matias Stevanato: 50,62%<\/strong><\/li>\n<li>Cambia Mendoza, Mauricio Pinti Colp: 28,62%<\/li>\n<li>Frente Libertario, Dem\u00f3crata y Jubilados, Claudia Carina C\u00f3rdoba: 13,60%<\/li>\n<li>Frente de Izquierda, Nicol\u00e1s Cortez: 2,47%<\/li>\n<\/ul>\n<p><strong>Andraos sucede a Aveiro en Tunuy\u00e1n <\/strong><\/p>\n<p>Emir Andraos, actual presidente del Concejo Deliberante sali\u00f3 victorioso con gran comodidad.<\/p>\n<ul>\n<li><strong>Frente Eleg\u00ed, Emir Andraos: 53,67% <\/strong><\/li>\n<li>Cambia Mendoza, Luis L\u00f3pez: 40,54%<\/li>\n<\/ul>\n<p><strong>Gonz\u00e1lez gan\u00f3 en Lavalle<\/strong><\/p>\n<p>El actual diputado, Edgardo Gonz\u00e1lez, suceder\u00e1 a Roberto Righi quien dejar\u00e1 el cargo luego de 22 a\u00f1os.<\/p>\n<ul>\n<li><strong>Frente Eleg\u00ed, Edgardo Gonz\u00e1lez: 57,44%<\/strong><\/li>\n<li>Cambia Mendoza, Lucas Luppo: 27,01%<\/li>\n<li>Frente Libertario, Betiana Torrecilla: 11%<\/li>\n<\/ul>\n<p><strong>La Uni\u00f3n Mendocina se qued\u00f3 con San Carlos <\/strong><\/p>\n<p>Con el apoyo de Omar De Marchi, Alejandro Morillas se impuso con estrecha diferencia.<\/p>\n<ul>\n<li><strong>La Uni\u00f3n Mendocina, Alejandro Morillas: 31,91%<\/strong><\/li>\n<li>Cambia Mendoza, Silvio Ponocchia: 29,57%<\/li>\n<li>Partido Verde, Marcelo Romano: 28,85%<\/li>\n<li>Frente Eleg\u00ed, Jaun Torres: 4,78%<\/li>\n<\/ul>\n<p><strong>Dest\u00e9fanis contin\u00faa en la conducci\u00f3n de Santa Rosa<\/strong><\/p>\n<p>La \u00fanica intendenta mujer de Mendoza, Flor Dest\u00e9fanis, continuar\u00e1 el mandato que inici\u00f3 en 2019.<\/p>\n<ul>\n<li><strong>Frente Eleg\u00ed, Flor Dest\u00e9fanis: 56,42%<\/strong><\/li>\n<li>Cambia Mendoza, Leonardo Fern\u00e1ndez: 38,77%<\/li>\n<\/ul>\n<p><strong>Ubieta tambi\u00e9n sigue en La Paz<\/strong><\/p>\n<p>El actual intendente y tambi\u00e9n peronista, Fernando Ubieta, logr\u00f3 la reelecci\u00f3n.<\/p>\n<ul>\n<li><strong>Frente Eleg\u00ed, Fernando Ubieta: 50,02%<\/strong><\/li>\n<li>Cambia Mendoza, Ramiro Blanco: 40,48%<\/li>\n<\/ul>\n","protected":false},"excerpt":{"rendered":"<p>Este domingo se celebraron las Elecciones Municipales en 7 departamentos que desdoblaron. Quedaron definidos los pr\u00f3ximos intendentes y concejales que asumir\u00e1n &#8230;<\/p>\n","protected":false},"author":7,"featured_media":126553,"comment_status":"open","ping_status":"open","sticky":false,"template":"","format":"standard","meta":{"footnotes":""},"categories":[5,7],"tags":[],"class_list":["post-126551","post","type-post","status-publish","format-standard","has-post-thumbnail","hentry","category-actualidad","category-politica"],"_links":{"self":[{"href":"https:\/\/vinasfm.com\/noticias\/wp-json\/wp\/v2\/posts\/126551","targetHints":{"allow":["GET"]}}],"collection":[{"href":"https:\/\/vinasfm.com\/noticias\/wp-json\/wp\/v2\/posts"}],"about":[{"href":"https:\/\/vinasfm.com\/noticias\/wp-json\/wp\/v2\/types\/post"}],"author":[{"embeddable":true,"href":"https:\/\/vinasfm.com\/noticias\/wp-json\/wp\/v2\/users\/7"}],"replies":[{"embeddable":true,"href":"https:\/\/vinasfm.com\/noticias\/wp-json\/wp\/v2\/comments?post=126551"}],"version-history":[{"count":2,"href":"https:\/\/vinasfm.com\/noticias\/wp-json\/wp\/v2\/posts\/126551\/revisions"}],"predecessor-version":[{"id":126667,"href":"https:\/\/vinasfm.com\/noticias\/wp-json\/wp\/v2\/posts\/126551\/revisions\/126667"}],"wp:featuredmedia":[{"embeddable":true,"href":"https:\/\/vinasfm.com\/noticias\/wp-json\/wp\/v2\/media\/126553"}],"wp:attachment":[{"href":"https:\/\/vinasfm.com\/noticias\/wp-json\/wp\/v2\/media?parent=126551"}],"wp:term":[{"taxonomy":"category","embeddable":true,"href":"https:\/\/vinasfm.com\/noticias\/wp-json\/wp\/v2\/categories?post=126551"},{"taxonomy":"post_tag","embeddable":true,"href":"https:\/\/vinasfm.com\/noticias\/wp-json\/wp\/v2\/tags?post=126551"}],"curies":[{"name":"wp","href":"https:\/\/api.w.org\/{rel}","templated":true}]}}