{"id":126545,"date":"2023-09-04T08:39:17","date_gmt":"2023-09-04T11:39:17","guid":{"rendered":"https:\/\/vinasfm.com\/noticias\/?p=126545"},"modified":"2023-09-04T10:05:43","modified_gmt":"2023-09-04T13:05:43","slug":"omar-de-marchi-acompano-el-triunfo-de-alejandro-morillas-en-san-carlos","status":"publish","type":"post","link":"https:\/\/vinasfm.com\/noticias\/omar-de-marchi-acompano-el-triunfo-de-alejandro-morillas-en-san-carlos\/","title":{"rendered":"OMAR DE MARCHI ACOMPA\u00d1\u00d3 EL TRIUNFO DE ALEJANDRO MORILLAS EN SAN CARLOS"},"content":{"rendered":"<p><strong>El candidato a Gobernador por La Uni\u00f3n Mendocina fue parte de los festejos del Intendente electo de San Carlos, Alejandro Morillas.<\/strong><\/p>\n<p>Sobre el triunfo de La Uni\u00f3n Mendocina expres\u00f3:<strong><em> \u201cEsta victoria de Alejandro Morillas significa la continuidad de la gesti\u00f3n de Jorge Difonso y Rolo Scanio. Esto habla de una muy buena gesti\u00f3n del departamento. El trabajo durante estos a\u00f1os ha sido impresionante y los vecinos han ratificado la confianza\u201d.<\/em><\/strong><\/p>\n<p>Adem\u00e1s, De Marchi se refiri\u00f3 a las pr\u00f3ximas elecciones del 24 de Septiembre: <strong><em>\u201cMendoza tiene 2 opciones camino a Septiembre: El actual gobierno o La Uni\u00f3n Mendocina. Nosotros estamos convencidos y preparados para gobernar a partir del pr\u00f3ximo mes de diciembre\u201d.<\/em><\/strong><\/p>\n<p><em><strong>\u201cLa provincia est\u00e1 en uno de sus peores momentos en todo sentido, en educaci\u00f3n, salud, seguridad. Con buenos equipos, entusiasmo y una actitud positiva, estoy convencido de que vamos a sacar la provincia adelante\u201d.<\/strong><\/em><\/p>\n<p><strong><em>\u201cCambia Mendoza se agot\u00f3 y nosotros lo planteamos hace mucho. Cambia Mendoza fue importante para alg\u00fan momento, pero ya fue. La Uni\u00f3n Mendocina es el futuro, es lo que viene y estamos esperanzados de que la provincia pueda tener otro impulso\u201d.<\/em><\/strong><\/p>\n<p><strong><em>\u201cEstamos concentrados en una agenda de futuro, que solucione los problemas de la provincia. Somos un espacio amplio, que se concentra en las cosas que hay que hacer. Estamos preparados para gobernar, que es algo mucho m\u00e1s profundo que ganar una elecci\u00f3n\u201d<\/em><\/strong>, concluy\u00f3 Omar De Marchi.<\/p>\n","protected":false},"excerpt":{"rendered":"<p>El candidato a Gobernador por La Uni\u00f3n Mendocina fue parte de los festejos del Intendente electo de San Carlos, Alejandro Morillas. &#8230;<\/p>\n","protected":false},"author":7,"featured_media":126546,"comment_status":"open","ping_status":"open","sticky":false,"template":"","format":"standard","meta":{"footnotes":""},"categories":[5,7],"tags":[],"class_list":["post-126545","post","type-post","status-publish","format-standard","has-post-thumbnail","hentry","category-actualidad","category-politica"],"_links":{"self":[{"href":"https:\/\/vinasfm.com\/noticias\/wp-json\/wp\/v2\/posts\/126545","targetHints":{"allow":["GET"]}}],"collection":[{"href":"https:\/\/vinasfm.com\/noticias\/wp-json\/wp\/v2\/posts"}],"about":[{"href":"https:\/\/vinasfm.com\/noticias\/wp-json\/wp\/v2\/types\/post"}],"author":[{"embeddable":true,"href":"https:\/\/vinasfm.com\/noticias\/wp-json\/wp\/v2\/users\/7"}],"replies":[{"embeddable":true,"href":"https:\/\/vinasfm.com\/noticias\/wp-json\/wp\/v2\/comments?post=126545"}],"version-history":[{"count":1,"href":"https:\/\/vinasfm.com\/noticias\/wp-json\/wp\/v2\/posts\/126545\/revisions"}],"predecessor-version":[{"id":126547,"href":"https:\/\/vinasfm.com\/noticias\/wp-json\/wp\/v2\/posts\/126545\/revisions\/126547"}],"wp:featuredmedia":[{"embeddable":true,"href":"https:\/\/vinasfm.com\/noticias\/wp-json\/wp\/v2\/media\/126546"}],"wp:attachment":[{"href":"https:\/\/vinasfm.com\/noticias\/wp-json\/wp\/v2\/media?parent=126545"}],"wp:term":[{"taxonomy":"category","embeddable":true,"href":"https:\/\/vinasfm.com\/noticias\/wp-json\/wp\/v2\/categories?post=126545"},{"taxonomy":"post_tag","embeddable":true,"href":"https:\/\/vinasfm.com\/noticias\/wp-json\/wp\/v2\/tags?post=126545"}],"curies":[{"name":"wp","href":"https:\/\/api.w.org\/{rel}","templated":true}]}}