{"id":126540,"date":"2023-09-04T08:36:49","date_gmt":"2023-09-04T11:36:49","guid":{"rendered":"https:\/\/vinasfm.com\/noticias\/?p=126540"},"modified":"2023-09-04T09:57:24","modified_gmt":"2023-09-04T12:57:24","slug":"el-candidato-a-gobernador-acompano-al-intendente-electo-en-san-rafael","status":"publish","type":"post","link":"https:\/\/vinasfm.com\/noticias\/el-candidato-a-gobernador-acompano-al-intendente-electo-en-san-rafael\/","title":{"rendered":"EL CANDIDATO A GOBERNADOR ACOMPA\u00d1\u00d3 AL INTENDENTE ELECTO EN SAN RAFAEL"},"content":{"rendered":"<p><strong>El candidato a gobernador se sum\u00f3 a las declaraciones de Omar F\u00e9lix e hizo foco en la necesidad de<\/strong> <strong>conformar una unidad productiva y una estrategia mancomunada con los intendentes de General Alvear y Malargue, en presencia de Claudio V\u00e1zquez y Celso Jaque (ambos candidatos a ocupar espacio como intendentes).<\/strong><\/p>\n<p>Consultado por los resultados electorales Omar Parisi analiz\u00f3 que <strong><em>\u00aben los seis departamentos que gobierna el peronismo los resultados electorales han sido avasallantes. Lo cual significa que a\u00fan en malas situaciones, con problemas que tenemos econ\u00f3micos, con problemas nacionales, problemas provinciales, donde hay gobiernos justicialistas se reafirma que el electorado nos acompa\u00f1a porque las gestiones son muy buenas\u00bb<\/em><\/strong><\/p>\n<p><a href=\"https:\/\/vinasfm.com\/noticias\/wp-content\/uploads\/2023\/09\/af7a332b-8bec-4763-bf8c-d9893adbb03b.jpg\"><img loading=\"lazy\" decoding=\"async\" class=\"alignnone size-medium wp-image-126543\" src=\"https:\/\/vinasfm.com\/noticias\/wp-content\/uploads\/2023\/09\/af7a332b-8bec-4763-bf8c-d9893adbb03b-225x300.jpg\" alt=\"\" width=\"225\" height=\"300\" srcset=\"https:\/\/vinasfm.com\/noticias\/wp-content\/uploads\/2023\/09\/af7a332b-8bec-4763-bf8c-d9893adbb03b-225x300.jpg 225w, https:\/\/vinasfm.com\/noticias\/wp-content\/uploads\/2023\/09\/af7a332b-8bec-4763-bf8c-d9893adbb03b-768x1024.jpg 768w, https:\/\/vinasfm.com\/noticias\/wp-content\/uploads\/2023\/09\/af7a332b-8bec-4763-bf8c-d9893adbb03b-1152x1536.jpg 1152w, https:\/\/vinasfm.com\/noticias\/wp-content\/uploads\/2023\/09\/af7a332b-8bec-4763-bf8c-d9893adbb03b.jpg 1200w\" sizes=\"auto, (max-width: 225px) 100vw, 225px\" \/><\/a><\/p>\n<p>En cuanto al desarrollo de la campa\u00f1a provincial, Parisi dijo que<strong><em> \u00abhoy todo el mundo se est\u00e1 dando cuenta de que somos la alternativa para las elecciones provinciales porque tenemos propuestas en educaci\u00f3n, tenemos propuestas en crecimiento, en productivo, tenemos una propuesta para vivienda, tenemos propuestas en cada uno de los temas para hacer crecer la provincia y no nos estamos ni sacando fotos con uno, ni discutiendo con los otros, sino que estamos trabajando para poder mejorar y tener un proyecto de gobierno\u00bb.<\/em><\/strong><\/p>\n","protected":false},"excerpt":{"rendered":"<p>El candidato a gobernador se sum\u00f3 a las declaraciones de Omar F\u00e9lix e hizo foco en la necesidad de conformar una &#8230;<\/p>\n","protected":false},"author":7,"featured_media":126541,"comment_status":"open","ping_status":"open","sticky":false,"template":"","format":"standard","meta":{"footnotes":""},"categories":[5,7],"tags":[],"class_list":["post-126540","post","type-post","status-publish","format-standard","has-post-thumbnail","hentry","category-actualidad","category-politica"],"_links":{"self":[{"href":"https:\/\/vinasfm.com\/noticias\/wp-json\/wp\/v2\/posts\/126540","targetHints":{"allow":["GET"]}}],"collection":[{"href":"https:\/\/vinasfm.com\/noticias\/wp-json\/wp\/v2\/posts"}],"about":[{"href":"https:\/\/vinasfm.com\/noticias\/wp-json\/wp\/v2\/types\/post"}],"author":[{"embeddable":true,"href":"https:\/\/vinasfm.com\/noticias\/wp-json\/wp\/v2\/users\/7"}],"replies":[{"embeddable":true,"href":"https:\/\/vinasfm.com\/noticias\/wp-json\/wp\/v2\/comments?post=126540"}],"version-history":[{"count":2,"href":"https:\/\/vinasfm.com\/noticias\/wp-json\/wp\/v2\/posts\/126540\/revisions"}],"predecessor-version":[{"id":126544,"href":"https:\/\/vinasfm.com\/noticias\/wp-json\/wp\/v2\/posts\/126540\/revisions\/126544"}],"wp:featuredmedia":[{"embeddable":true,"href":"https:\/\/vinasfm.com\/noticias\/wp-json\/wp\/v2\/media\/126541"}],"wp:attachment":[{"href":"https:\/\/vinasfm.com\/noticias\/wp-json\/wp\/v2\/media?parent=126540"}],"wp:term":[{"taxonomy":"category","embeddable":true,"href":"https:\/\/vinasfm.com\/noticias\/wp-json\/wp\/v2\/categories?post=126540"},{"taxonomy":"post_tag","embeddable":true,"href":"https:\/\/vinasfm.com\/noticias\/wp-json\/wp\/v2\/tags?post=126540"}],"curies":[{"name":"wp","href":"https:\/\/api.w.org\/{rel}","templated":true}]}}