{"id":126539,"date":"2023-09-04T09:16:16","date_gmt":"2023-09-04T12:16:16","guid":{"rendered":"https:\/\/vinasfm.com\/noticias\/?p=126539"},"modified":"2023-09-04T09:16:16","modified_gmt":"2023-09-04T12:16:16","slug":"alejandro-molero-me-gusta-recorrer-el-departamento","status":"publish","type":"post","link":"https:\/\/vinasfm.com\/noticias\/alejandro-molero-me-gusta-recorrer-el-departamento\/","title":{"rendered":"ALEJANDRO MOLERO: \u00abME GUSTA RECORRER EL DEPARTAMENTO\u00bb"},"content":{"rendered":"<h4><strong>Alejandro Molero, presidente de Iscamen y presidente de la UCR cuenta sus d\u00edas adentr\u00e1ndonos a las ultimas semanas de campa\u00f1a de cara a la elecciones municipales en nuestro departamento\u00a0<\/strong><\/h4>\n<p>El candidato a Intendente de General Alvear en dialogo con FM VI\u00d1AS, asegur\u00f3 que en lo personal le gusta recorrer el departamento. <em><strong>\u00abEs la manera en la que conocemos el pedido de cada vecino, esta campa\u00f1a se ha caracterizado por esto\u00bb.<\/strong><\/em><\/p>\n<p>Molero expres\u00f3 lo que ve en en la calle <em><strong>\u00abLa gente lo primero que manifiesta es tristeza, enojo, desesperanza, siente que independientemente del partido pol\u00edtico que gobierne, la situaci\u00f3n no va a cambiar\u00bb<\/strong><\/em>.<\/p>\n<p><em><strong>\u00abLa democracia tiene una enorme deuda pendiente con la ciudadan\u00eda, Alfons\u00edn devolv\u00eda la democracia al pa\u00eds con un 6% de pobreza y 40 a\u00f1os despu\u00e9s, superamos, en algunos lugares, las mediciones con mas de 50% de pobreza. Con ese solo indicador la pol\u00edtica le ha fallado en todos los aspectos\u00bb.<\/strong><\/em><\/p>\n<p>Adem\u00e1s, habl\u00f3 del sistema de salud a nivel local, alegando que no esta funcionando bien, considera il\u00f3gico que una persona tenga que presentarse al hospital a las 5 de la ma\u00f1ana para poder conseguir un turno, asimismo no lo consiguen y tienen que volver al otro d\u00eda. <em><b>\u00abLos vecinos reclaman oportunidades, reconocen el trabajo que se ha hecho, el avance. Reconocen que General Alvear tiene un rumbo y que a trav\u00e9s a la gesti\u00f3n de Walter Marcolini, marcar esas pol\u00edticas de estado. Si no nos toca a nosotros, nadie se va a animar a modificar, el desarrollo de la educaci\u00f3n, el avance hacia la ciencia, la t\u00e9cnica, el proyecto UGACOP. Son varios los ejes que se han convertido en pol\u00edticas de estado, pero los vecinos nos piden la otra parte, la de un gobierno que sea cercano, que este presente en cada uno de los lugares, por\u00a0 eso nuestra propuesta es que un d\u00eda\u00a0a la semana vamos a estar en la delegaci\u00f3n de Bowen y en cada lugar, llegando 8 am y retir\u00e1ndose a las 11 pm cuando haya atendido al \u00faltimo vecino\u00bb<\/b><\/em><\/p>\n<p>Molero coment\u00f3 que hay que acompa\u00f1ar al vecino, hay que tener empat\u00eda y contenci\u00f3n, <em><strong>\u00abeste proceso puede ser mejor si generamos ese contacto permanente con los vecinos\u00bb<\/strong><\/em><\/p>\n","protected":false},"excerpt":{"rendered":"<p>Alejandro Molero, presidente de Iscamen y presidente de la UCR cuenta sus d\u00edas adentr\u00e1ndonos a las ultimas semanas de campa\u00f1a de &#8230;<\/p>\n","protected":false},"author":7,"featured_media":126557,"comment_status":"open","ping_status":"open","sticky":false,"template":"","format":"standard","meta":{"footnotes":""},"categories":[1],"tags":[],"class_list":["post-126539","post","type-post","status-publish","format-standard","has-post-thumbnail","hentry","category-fmvinas"],"_links":{"self":[{"href":"https:\/\/vinasfm.com\/noticias\/wp-json\/wp\/v2\/posts\/126539","targetHints":{"allow":["GET"]}}],"collection":[{"href":"https:\/\/vinasfm.com\/noticias\/wp-json\/wp\/v2\/posts"}],"about":[{"href":"https:\/\/vinasfm.com\/noticias\/wp-json\/wp\/v2\/types\/post"}],"author":[{"embeddable":true,"href":"https:\/\/vinasfm.com\/noticias\/wp-json\/wp\/v2\/users\/7"}],"replies":[{"embeddable":true,"href":"https:\/\/vinasfm.com\/noticias\/wp-json\/wp\/v2\/comments?post=126539"}],"version-history":[{"count":2,"href":"https:\/\/vinasfm.com\/noticias\/wp-json\/wp\/v2\/posts\/126539\/revisions"}],"predecessor-version":[{"id":126558,"href":"https:\/\/vinasfm.com\/noticias\/wp-json\/wp\/v2\/posts\/126539\/revisions\/126558"}],"wp:featuredmedia":[{"embeddable":true,"href":"https:\/\/vinasfm.com\/noticias\/wp-json\/wp\/v2\/media\/126557"}],"wp:attachment":[{"href":"https:\/\/vinasfm.com\/noticias\/wp-json\/wp\/v2\/media?parent=126539"}],"wp:term":[{"taxonomy":"category","embeddable":true,"href":"https:\/\/vinasfm.com\/noticias\/wp-json\/wp\/v2\/categories?post=126539"},{"taxonomy":"post_tag","embeddable":true,"href":"https:\/\/vinasfm.com\/noticias\/wp-json\/wp\/v2\/tags?post=126539"}],"curies":[{"name":"wp","href":"https:\/\/api.w.org\/{rel}","templated":true}]}}