{"id":126534,"date":"2023-09-03T21:20:03","date_gmt":"2023-09-04T00:20:03","guid":{"rendered":"https:\/\/vinasfm.com\/noticias\/?p=126534"},"modified":"2023-09-03T21:20:03","modified_gmt":"2023-09-04T00:20:03","slug":"elecciones-municipales-las-escuelas-estan-limpias-para-dar-clases","status":"publish","type":"post","link":"https:\/\/vinasfm.com\/noticias\/elecciones-municipales-las-escuelas-estan-limpias-para-dar-clases\/","title":{"rendered":"ELECCIONES MUNICIPALES: LAS ESCUELAS EST\u00c1N LIMPIAS PARA DAR CLASES"},"content":{"rendered":"<p><strong>El operativo de limpieza se ha desarrollado despu\u00e9s de las elecciones generales en siete departamentos a fin de que este lunes 4, se pueda brindar normalmente el servicio educativo.<\/strong><\/p>\n<p>Mendoza mantendr\u00e1 su servicio educativo con total normalidad luego de las elecciones departamentales que se han desarrollado este domingo en Lavalle, Maip\u00fa, Santa Rosa, La Paz, San Carlos, Tunuy\u00e1n y San Rafael.<\/p>\n<p>La Provincia lleva adelante una pol\u00edtica de gesti\u00f3n para asegurar el cumplimiento efectivo del calendario escolar. Desde 2017, en Mendoza no se pierden d\u00edas de clases luego de una jornada de elecciones, ya que se lleva adelante un operativo de limpieza el mismo d\u00eda en que se desarrollaron los comicios, con el fin de que los alumnos pudieran asistir a los establecimientos educativos.<\/p>\n<p>Cabe destacar, adem\u00e1s, que los celadores que participan en el operativo de limpieza que se realiza este domingo de las elecciones, a partir de las 18, recibir\u00e1n un pago adicional, por el d\u00eda trabajado y por las tareas realizadas.<\/p>\n<p>La Direcci\u00f3n General de Escuelas inform\u00f3 que durante las elecciones departamentales que se desarrollaron en estos siete departamentos este domingo, hubo cerca de 200 escuelas afectadas a las votaciones distribuidas en los siete departamentos.<\/p>\n<p>En tanto, este el lunes 4 de setiembre, las clases ser\u00e1n dictadas con total normalidad en todas las escuelas de la provincia y en todos sus niveles y modalidades educativos, con el objetivo de garantizar los d\u00edas de clases establecidos en el a\u00f1o escolar 2023.<\/p>\n","protected":false},"excerpt":{"rendered":"<p>El operativo de limpieza se ha desarrollado despu\u00e9s de las elecciones generales en siete departamentos a fin de que este lunes &#8230;<\/p>\n","protected":false},"author":7,"featured_media":126535,"comment_status":"open","ping_status":"open","sticky":false,"template":"","format":"standard","meta":{"footnotes":""},"categories":[1],"tags":[],"class_list":["post-126534","post","type-post","status-publish","format-standard","has-post-thumbnail","hentry","category-fmvinas"],"_links":{"self":[{"href":"https:\/\/vinasfm.com\/noticias\/wp-json\/wp\/v2\/posts\/126534","targetHints":{"allow":["GET"]}}],"collection":[{"href":"https:\/\/vinasfm.com\/noticias\/wp-json\/wp\/v2\/posts"}],"about":[{"href":"https:\/\/vinasfm.com\/noticias\/wp-json\/wp\/v2\/types\/post"}],"author":[{"embeddable":true,"href":"https:\/\/vinasfm.com\/noticias\/wp-json\/wp\/v2\/users\/7"}],"replies":[{"embeddable":true,"href":"https:\/\/vinasfm.com\/noticias\/wp-json\/wp\/v2\/comments?post=126534"}],"version-history":[{"count":1,"href":"https:\/\/vinasfm.com\/noticias\/wp-json\/wp\/v2\/posts\/126534\/revisions"}],"predecessor-version":[{"id":126536,"href":"https:\/\/vinasfm.com\/noticias\/wp-json\/wp\/v2\/posts\/126534\/revisions\/126536"}],"wp:featuredmedia":[{"embeddable":true,"href":"https:\/\/vinasfm.com\/noticias\/wp-json\/wp\/v2\/media\/126535"}],"wp:attachment":[{"href":"https:\/\/vinasfm.com\/noticias\/wp-json\/wp\/v2\/media?parent=126534"}],"wp:term":[{"taxonomy":"category","embeddable":true,"href":"https:\/\/vinasfm.com\/noticias\/wp-json\/wp\/v2\/categories?post=126534"},{"taxonomy":"post_tag","embeddable":true,"href":"https:\/\/vinasfm.com\/noticias\/wp-json\/wp\/v2\/tags?post=126534"}],"curies":[{"name":"wp","href":"https:\/\/api.w.org\/{rel}","templated":true}]}}