{"id":126533,"date":"2023-09-04T09:46:57","date_gmt":"2023-09-04T12:46:57","guid":{"rendered":"https:\/\/vinasfm.com\/noticias\/?p=126533"},"modified":"2023-09-05T08:39:23","modified_gmt":"2023-09-05T11:39:23","slug":"general-alvear-tendra-el-debate-de-candidatos","status":"publish","type":"post","link":"https:\/\/vinasfm.com\/noticias\/general-alvear-tendra-el-debate-de-candidatos\/","title":{"rendered":"GENERAL ALVEAR TENDR\u00c1 EL DEBATE DE CANDIDATOS"},"content":{"rendered":"<p><strong>El pr\u00f3ximo 24 de septiembre se celebrar\u00e1n las elecciones municipales en los departamentos que no desdoblaron. Este a\u00f1o se realizar\u00e1, de forma obligatoria, el debate de candidatos.<\/strong><\/p>\n<p>La presidente del HCD, Mabel Uccelli, explic\u00f3 que <strong><em>\u201csi bien los candidatos ya recorren el departamento y dan a conocer sus propuestas, \u00a0desde el Concejo hemos establecido como obligatoria, a partir de la adhesi\u00f3n a la Ley Provincial, la realizaci\u00f3n del debate de candidatos\u201d.<\/em><\/strong><\/p>\n<p>Este tan importante encuentro tendr\u00e1 lugar este 19 de septiembre a las 20:00 horas, en el Honorable Concejo Deliberante.<\/p>\n<p>Uccelli expres\u00f3 <strong><em>\u201cestamos todos un poco perdidos con todo lo sucedido este a\u00f1o en cuanto a las elecciones, es por eso que desde el lunes volvemos a la educaci\u00f3n recorriendo casa por casa con la boleta \u00fanica. Esta vez va a ser m\u00e1s sencillo porque tenemos menos candidatos, por lo tanto habr\u00e1n menos columnas y casilleros\u201d.<\/em><\/strong><\/p>\n<p>Sobre el debate indic\u00f3; <strong><em>\u201cdurante la semana pasada nos reunimos en comisi\u00f3n los 10 concejales para definir las tem\u00e1ticas, qui\u00e9n ser\u00e1 el moderador y viendo quienes ser\u00e1n los invitados dependiendo de la capacidad del lugar\u201d. <\/em><\/strong>Adem\u00e1s, adelant\u00f3 que durante esta semana <strong><em>\u201cse citar\u00e1 a representantes de los candidatos para darles a conocer el reglamento y as\u00ed puedan comenzar a armar una estructura para darse a conocer\u201d.<\/em><\/strong><\/p>\n<h2>EL HCD DURANTE LAS ELECCIONES<\/h2>\n<p><a href=\"https:\/\/vinasfm.com\/noticias\/wp-content\/uploads\/2018\/12\/hcd-honorable-concejo-deliberante.jpg\"><img loading=\"lazy\" decoding=\"async\" class=\"alignnone size-medium wp-image-45436\" src=\"https:\/\/vinasfm.com\/noticias\/wp-content\/uploads\/2018\/12\/hcd-honorable-concejo-deliberante-300x225.jpg\" alt=\"\" width=\"300\" height=\"225\" srcset=\"https:\/\/vinasfm.com\/noticias\/wp-content\/uploads\/2018\/12\/hcd-honorable-concejo-deliberante-300x225.jpg 300w, https:\/\/vinasfm.com\/noticias\/wp-content\/uploads\/2018\/12\/hcd-honorable-concejo-deliberante-768x576.jpg 768w, https:\/\/vinasfm.com\/noticias\/wp-content\/uploads\/2018\/12\/hcd-honorable-concejo-deliberante-1024x768.jpg 1024w, https:\/\/vinasfm.com\/noticias\/wp-content\/uploads\/2018\/12\/hcd-honorable-concejo-deliberante.jpg 1280w\" sizes=\"auto, (max-width: 300px) 100vw, 300px\" \/><\/a><\/p>\n<p>La accionar del Concejo Deliberante se ve sumamente influido por el a\u00f1o electoral<strong><em>. \u201cCualquier persona que nos visite va a encontrar que hay un dinamismo completamente fuera de lo com\u00fan\u201d<\/em><\/strong>, expres\u00f3 Uccelli y aclar\u00f3 <strong><em>\u201csi bien las movidas partidarias tienen una influencia en el HCD, se sigue trabajando en comisiones y en los expedientes\u201d.<\/em><\/strong><\/p>\n<p>En cuanto a las Sesiones Ordinarias, se\u00f1al\u00f3 que la semana pasada <strong><em>\u201cse empez\u00f3 a tratar en la habilitaci\u00f3n y control de boliches y pubs\u201d. <\/em><\/strong>Esto se debe a ra\u00edz de distintos pedidos que realizan vecinos de General Alvear y comentarios de visitantes. Para tratar esta cuesti\u00f3n adecuadamente se iniciar\u00e1n conversaciones con todas las partes involucradas, destacando a los inversores y personal de Diversi\u00f3n Nocturna.<\/p>\n","protected":false},"excerpt":{"rendered":"<p>El pr\u00f3ximo 24 de septiembre se celebrar\u00e1n las elecciones municipales en los departamentos que no desdoblaron. Este a\u00f1o se realizar\u00e1, de &#8230;<\/p>\n","protected":false},"author":7,"featured_media":126563,"comment_status":"open","ping_status":"open","sticky":false,"template":"","format":"standard","meta":{"footnotes":""},"categories":[5,10],"tags":[],"class_list":["post-126533","post","type-post","status-publish","format-standard","has-post-thumbnail","hentry","category-actualidad","category-destacadas"],"_links":{"self":[{"href":"https:\/\/vinasfm.com\/noticias\/wp-json\/wp\/v2\/posts\/126533","targetHints":{"allow":["GET"]}}],"collection":[{"href":"https:\/\/vinasfm.com\/noticias\/wp-json\/wp\/v2\/posts"}],"about":[{"href":"https:\/\/vinasfm.com\/noticias\/wp-json\/wp\/v2\/types\/post"}],"author":[{"embeddable":true,"href":"https:\/\/vinasfm.com\/noticias\/wp-json\/wp\/v2\/users\/7"}],"replies":[{"embeddable":true,"href":"https:\/\/vinasfm.com\/noticias\/wp-json\/wp\/v2\/comments?post=126533"}],"version-history":[{"count":4,"href":"https:\/\/vinasfm.com\/noticias\/wp-json\/wp\/v2\/posts\/126533\/revisions"}],"predecessor-version":[{"id":126589,"href":"https:\/\/vinasfm.com\/noticias\/wp-json\/wp\/v2\/posts\/126533\/revisions\/126589"}],"wp:featuredmedia":[{"embeddable":true,"href":"https:\/\/vinasfm.com\/noticias\/wp-json\/wp\/v2\/media\/126563"}],"wp:attachment":[{"href":"https:\/\/vinasfm.com\/noticias\/wp-json\/wp\/v2\/media?parent=126533"}],"wp:term":[{"taxonomy":"category","embeddable":true,"href":"https:\/\/vinasfm.com\/noticias\/wp-json\/wp\/v2\/categories?post=126533"},{"taxonomy":"post_tag","embeddable":true,"href":"https:\/\/vinasfm.com\/noticias\/wp-json\/wp\/v2\/tags?post=126533"}],"curies":[{"name":"wp","href":"https:\/\/api.w.org\/{rel}","templated":true}]}}