{"id":126527,"date":"2023-09-02T11:23:30","date_gmt":"2023-09-02T14:23:30","guid":{"rendered":"https:\/\/vinasfm.com\/noticias\/?p=126527"},"modified":"2023-09-04T09:49:33","modified_gmt":"2023-09-04T12:49:33","slug":"defensa-civil-emitio-un-alerta-amarillo-por-nevadas-las-zonas-afectadas","status":"publish","type":"post","link":"https:\/\/vinasfm.com\/noticias\/defensa-civil-emitio-un-alerta-amarillo-por-nevadas-las-zonas-afectadas\/","title":{"rendered":"DEFENSA CIVIL EMITI\u00d3 UN ALERTA AMARILLO POR NEVADAS: LAS ZONAS AFECTADAS"},"content":{"rendered":"<p><strong>La entidad inform\u00f3 que se mantienen las condiciones de inestabilidad en algunos sectores de la provincia.<\/strong><\/p>\n<p>Este s\u00e1bado por la ma\u00f1ana, Defensa Civil emiti\u00f3 un alerta amarillo por nevadas en distintas zonas de la provincia de Mendoza. Se espera que contin\u00faen las condiciones de inestabilidad, sobre todo en el Valle de Uco y el sector de la alta monta\u00f1a mendocina.<\/p>\n<p><em><strong>\u00abSe mantienen las condiciones de inestabilidad con probabilidades de precipitaciones n\u00edveas afectando a sectores de cordillera Sur, Valle de Uco y Norte (Paso Cristo Redentor)\u00bb<\/strong><\/em>, inform\u00f3 Defensa Civil a trav\u00e9s de un comunicado oficial en manera de alerta amarillo.<\/p>\n<aside class=\"htmlinline\"><\/aside>\n<p>Para esta jornada se espera un <em><strong>\u00abd\u00eda ventoso en general. Desde el amanecer, presencia de viento Sur leve y continuo. Cielo mayormente cubierto, con probabilidades de lluvias y lloviznas. Mejorando de forma pasajera por la noche\u00bb.<\/strong><\/em><\/p>\n<p><img loading=\"lazy\" decoding=\"async\" class=\"generated\" src=\"https:\/\/www.mdzol.com\/u\/fotografias\/m\/2023\/9\/2\/f768x1-1469519_1469646_79.jpeg\" alt=\"\" width=\"768\" height=\"768\" \/><\/p>\n","protected":false},"excerpt":{"rendered":"<p>La entidad inform\u00f3 que se mantienen las condiciones de inestabilidad en algunos sectores de la provincia. Este s\u00e1bado por la ma\u00f1ana, &#8230;<\/p>\n","protected":false},"author":7,"featured_media":125750,"comment_status":"open","ping_status":"open","sticky":false,"template":"","format":"standard","meta":{"footnotes":""},"categories":[1],"tags":[],"class_list":["post-126527","post","type-post","status-publish","format-standard","has-post-thumbnail","hentry","category-fmvinas"],"_links":{"self":[{"href":"https:\/\/vinasfm.com\/noticias\/wp-json\/wp\/v2\/posts\/126527","targetHints":{"allow":["GET"]}}],"collection":[{"href":"https:\/\/vinasfm.com\/noticias\/wp-json\/wp\/v2\/posts"}],"about":[{"href":"https:\/\/vinasfm.com\/noticias\/wp-json\/wp\/v2\/types\/post"}],"author":[{"embeddable":true,"href":"https:\/\/vinasfm.com\/noticias\/wp-json\/wp\/v2\/users\/7"}],"replies":[{"embeddable":true,"href":"https:\/\/vinasfm.com\/noticias\/wp-json\/wp\/v2\/comments?post=126527"}],"version-history":[{"count":2,"href":"https:\/\/vinasfm.com\/noticias\/wp-json\/wp\/v2\/posts\/126527\/revisions"}],"predecessor-version":[{"id":126530,"href":"https:\/\/vinasfm.com\/noticias\/wp-json\/wp\/v2\/posts\/126527\/revisions\/126530"}],"wp:featuredmedia":[{"embeddable":true,"href":"https:\/\/vinasfm.com\/noticias\/wp-json\/wp\/v2\/media\/125750"}],"wp:attachment":[{"href":"https:\/\/vinasfm.com\/noticias\/wp-json\/wp\/v2\/media?parent=126527"}],"wp:term":[{"taxonomy":"category","embeddable":true,"href":"https:\/\/vinasfm.com\/noticias\/wp-json\/wp\/v2\/categories?post=126527"},{"taxonomy":"post_tag","embeddable":true,"href":"https:\/\/vinasfm.com\/noticias\/wp-json\/wp\/v2\/tags?post=126527"}],"curies":[{"name":"wp","href":"https:\/\/api.w.org\/{rel}","templated":true}]}}