{"id":126526,"date":"2023-09-02T10:29:58","date_gmt":"2023-09-02T13:29:58","guid":{"rendered":"https:\/\/vinasfm.com\/noticias\/?p=126526"},"modified":"2023-09-04T09:16:14","modified_gmt":"2023-09-04T12:16:14","slug":"pronostico-del-tiempo-para-este-fin-de-semana-en-general-alvear-4","status":"publish","type":"post","link":"https:\/\/vinasfm.com\/noticias\/pronostico-del-tiempo-para-este-fin-de-semana-en-general-alvear-4\/","title":{"rendered":"PRON\u00d3STICO DEL TIEMPO PARA ESTE FIN DE SEMANA EN GENERAL ALVEAR"},"content":{"rendered":"<p><strong>Durante estos d\u00edas tendremos gran presencia de viento sureste. Las m\u00ednimas rondar\u00e1n los 7\u00b0C y las m\u00e1ximas superar\u00e1n los 15\u00b0C.<\/strong><\/p>\n<p>Este<em><strong> s\u00e1bado tendremos viento sur-sureste de intensidad moderada a fuerte, cielo con nubosidad.<\/strong> <\/em>M\u00e1xima 15\u00baC Minima 7\u00baC<\/p>\n<p>Durante el <em><strong>domingo tendremos presencia de brisa sureste, cielo nublado.<\/strong> <\/em>M\u00e1xima 18\u00baC Minima 6\u00baC<\/p>\n<p>El lunes inicia una <em><strong>nueva semana con brisa sur-sureste, nublado. Posibles lloviznas durante la ma\u00f1ana.<\/strong><\/em> M\u00e1xima 15\u00baC Minima 1\u00baC<\/p>\n","protected":false},"excerpt":{"rendered":"<p>Durante estos d\u00edas tendremos gran presencia de viento sureste. Las m\u00ednimas rondar\u00e1n los 7\u00b0C y las m\u00e1ximas superar\u00e1n los 15\u00b0C. Este &#8230;<\/p>\n","protected":false},"author":7,"featured_media":125523,"comment_status":"open","ping_status":"open","sticky":false,"template":"","format":"standard","meta":{"footnotes":""},"categories":[1],"tags":[],"class_list":["post-126526","post","type-post","status-publish","format-standard","has-post-thumbnail","hentry","category-fmvinas"],"_links":{"self":[{"href":"https:\/\/vinasfm.com\/noticias\/wp-json\/wp\/v2\/posts\/126526","targetHints":{"allow":["GET"]}}],"collection":[{"href":"https:\/\/vinasfm.com\/noticias\/wp-json\/wp\/v2\/posts"}],"about":[{"href":"https:\/\/vinasfm.com\/noticias\/wp-json\/wp\/v2\/types\/post"}],"author":[{"embeddable":true,"href":"https:\/\/vinasfm.com\/noticias\/wp-json\/wp\/v2\/users\/7"}],"replies":[{"embeddable":true,"href":"https:\/\/vinasfm.com\/noticias\/wp-json\/wp\/v2\/comments?post=126526"}],"version-history":[{"count":1,"href":"https:\/\/vinasfm.com\/noticias\/wp-json\/wp\/v2\/posts\/126526\/revisions"}],"predecessor-version":[{"id":126529,"href":"https:\/\/vinasfm.com\/noticias\/wp-json\/wp\/v2\/posts\/126526\/revisions\/126529"}],"wp:featuredmedia":[{"embeddable":true,"href":"https:\/\/vinasfm.com\/noticias\/wp-json\/wp\/v2\/media\/125523"}],"wp:attachment":[{"href":"https:\/\/vinasfm.com\/noticias\/wp-json\/wp\/v2\/media?parent=126526"}],"wp:term":[{"taxonomy":"category","embeddable":true,"href":"https:\/\/vinasfm.com\/noticias\/wp-json\/wp\/v2\/categories?post=126526"},{"taxonomy":"post_tag","embeddable":true,"href":"https:\/\/vinasfm.com\/noticias\/wp-json\/wp\/v2\/tags?post=126526"}],"curies":[{"name":"wp","href":"https:\/\/api.w.org\/{rel}","templated":true}]}}